{"id":9565,"date":"2020-10-21T08:17:22","date_gmt":"2020-10-21T07:17:22","guid":{"rendered":"https:\/\/www.sankturban.de\/?p=9565"},"modified":"2020-11-04T08:47:02","modified_gmt":"2020-11-04T07:47:02","slug":"firmung-in-zeiten-der-pandemie","status":"publish","type":"post","link":"https:\/\/www.sankturban.de\/?p=9565","title":{"rendered":"Firmung in Zeiten der Pandemie"},"content":{"rendered":"\n<div class=\"wp-block-image\"><figure class=\"alignleft size-large is-resized\"><img loading=\"lazy\" decoding=\"async\" src=\"https:\/\/www.sankturban.de\/wp-content\/uploads\/2020\/10\/8274_heiliger_geist_by_peter_weidemann_pfarrbriefservice-1.jpg\" alt=\"\" class=\"wp-image-9567\" width=\"338\" height=\"225\" srcset=\"https:\/\/www.sankturban.de\/wp-content\/uploads\/2020\/10\/8274_heiliger_geist_by_peter_weidemann_pfarrbriefservice-1.jpg 480w, https:\/\/www.sankturban.de\/wp-content\/uploads\/2020\/10\/8274_heiliger_geist_by_peter_weidemann_pfarrbriefservice-1-300x200.jpg 300w\" sizes=\"auto, (max-width: 338px) 100vw, 338px\" \/><\/figure><\/div>\n\n\n\n<p>Lange wurde mit der rasanten Entwicklung der Infektionszahlen und einem verantwortlichen Umgang damit gerungen, aber schlussendlich war klar: Die Firmlinge sollen endlich ihr verschobenes Fest nachholen! <\/p>\n\n\n\n<!--more-->\n\n\n\n<p>So feierten am 17.10.2020 sieben Jugendliche um 10.30 Uhr und acht um 14.30 Uhr in einem feierlichen Gottesdienst mit sch\u00f6ner musikalischer Gestaltung ihre Firmung in St. Franziskus. Firmspender bei allen sechs Firmungen in St. Urban ist Pfarrer G\u00e4lle, der dankenswerterweise tatkr\u00e4ftig von den Firmbegleitern unterst\u00fctzt wird. Leider mussten die Regelungen sehr versch\u00e4rft werden. Dennoch konnten die Gefirmten die wichtigsten Menschen mit in die Kirche bringen und hoffentlich einen besonderen Moment des Glaubens erleben, der ihnen lange in Erinnerung bleibt. Wir hoffen sehr, dass auch aus den verbleibenden 28 Firmlingen im November Neugefirmte werden k\u00f6nnen.<br \/><br \/><em><span class=\"has-inline-color has-vivid-red-color\">Die Firmgottesdienste am 7. und 21. November k\u00f6nnen auf Grund der aktuellen Entwicklung nicht stattfinden.<\/span><\/em><\/p>\n\n\n\n<p>(Bild: Pfarrbriefservice.de)<\/p>\n","protected":false},"excerpt":{"rendered":"<p>Lange wurde mit der rasanten Entwicklung der Infektionszahlen und einem verantwortlichen Umgang damit gerungen, aber schlussendlich war klar: Die Firmlinge sollen endlich ihr verschobenes Fest nachholen!<\/p>\n","protected":false},"author":33,"featured_media":0,"comment_status":"closed","ping_status":"open","sticky":false,"template":"","format":"standard","meta":{"footnotes":""},"categories":[84,8],"tags":[],"class_list":["post-9565","post","type-post","status-publish","format-standard","hentry","category-firmvorbereitung","category-startseite"],"_links":{"self":[{"href":"https:\/\/www.sankturban.de\/index.php?rest_route=\/wp\/v2\/posts\/9565","targetHints":{"allow":["GET"]}}],"collection":[{"href":"https:\/\/www.sankturban.de\/index.php?rest_route=\/wp\/v2\/posts"}],"about":[{"href":"https:\/\/www.sankturban.de\/index.php?rest_route=\/wp\/v2\/types\/post"}],"author":[{"embeddable":true,"href":"https:\/\/www.sankturban.de\/index.php?rest_route=\/wp\/v2\/users\/33"}],"replies":[{"embeddable":true,"href":"https:\/\/www.sankturban.de\/index.php?rest_route=%2Fwp%2Fv2%2Fcomments&post=9565"}],"version-history":[{"count":2,"href":"https:\/\/www.sankturban.de\/index.php?rest_route=\/wp\/v2\/posts\/9565\/revisions"}],"predecessor-version":[{"id":9598,"href":"https:\/\/www.sankturban.de\/index.php?rest_route=\/wp\/v2\/posts\/9565\/revisions\/9598"}],"wp:attachment":[{"href":"https:\/\/www.sankturban.de\/index.php?rest_route=%2Fwp%2Fv2%2Fmedia&parent=9565"}],"wp:term":[{"taxonomy":"category","embeddable":true,"href":"https:\/\/www.sankturban.de\/index.php?rest_route=%2Fwp%2Fv2%2Fcategories&post=9565"},{"taxonomy":"post_tag","embeddable":true,"href":"https:\/\/www.sankturban.de\/index.php?rest_route=%2Fwp%2Fv2%2Ftags&post=9565"}],"curies":[{"name":"wp","href":"https:\/\/api.w.org\/{rel}","templated":true}]}}