{"id":8892,"date":"2020-02-10T18:40:04","date_gmt":"2020-02-10T17:40:04","guid":{"rendered":"https:\/\/www.sankturban.de\/?p=8892"},"modified":"2020-11-17T15:36:28","modified_gmt":"2020-11-17T14:36:28","slug":"online-umfrage-beginnt","status":"publish","type":"post","link":"https:\/\/www.sankturban.de\/?p=8892","title":{"rendered":"&#8222;Ihre Meinung, bitte!&#8220;: Online-Umfrage beginnt"},"content":{"rendered":"\n<div class=\"wp-block-image\"><figure class=\"alignleft size-large is-resized\"><img loading=\"lazy\" decoding=\"async\" src=\"https:\/\/www.sankturban.de\/wp-content\/uploads\/2020\/02\/DSC1070-1-1024x699.jpg\" alt=\"\" class=\"wp-image-8895\" width=\"422\" height=\"287\" srcset=\"https:\/\/www.sankturban.de\/wp-content\/uploads\/2020\/02\/DSC1070-1-1024x699.jpg 1024w, https:\/\/www.sankturban.de\/wp-content\/uploads\/2020\/02\/DSC1070-1-300x205.jpg 300w, https:\/\/www.sankturban.de\/wp-content\/uploads\/2020\/02\/DSC1070-1-768x524.jpg 768w, https:\/\/www.sankturban.de\/wp-content\/uploads\/2020\/02\/DSC1070-1-1536x1048.jpg 1536w, https:\/\/www.sankturban.de\/wp-content\/uploads\/2020\/02\/DSC1070-1-scaled.jpg 2048w, https:\/\/www.sankturban.de\/wp-content\/uploads\/2020\/02\/DSC1070-1-1320x901.jpg 1320w\" sizes=\"auto, (max-width: 422px) 100vw, 422px\" \/><\/figure><\/div>\n\n\n\n<p> Am 22. M\u00e4rz werden in den katholischen Gemeinden in der Di\u00f6zese  Rottenburg-Stuttgart neue Kirchengemeinder\u00e4te gew\u00e4hlt. Vier Stuttgarter  Gemeinden in den Neckarvororten verbinden die Wahlen mit einer Umfrage  unter ihren Mitgliedern. <\/p>\n\n\n\n<!--more-->\n\n\n\n<ul class=\"wp-block-list\"><li><\/li><\/ul>\n\n\n\n<p><\/p>\n\n\n\n<p> \u201eViele Menschen sind zwar Mitglied der  katholischen Kirche, aber leider  in keinem Gottesdienst und in keiner  kirchlichen Veranstaltung mehr zu  finden. Wir m\u00f6chten herausfinden, was  sie sich von ihrer  Kirchengemeinde w\u00fcnschen, was sie erwarten, wo sie  Ver\u00e4nderungsbedarf  sehen\u201c, erkl\u00e4rt Andreas G\u00e4lle, der leitende Pfarrer  der  Gesamtkirchengemeinde Stuttgart St. Urban, zu der die Gemeinden St.   Franziskus, St. Johannes Evangelist, St. Christophorus und St. Markus   z\u00e4hlen. Der Pfarrer und die ehrenamtlichen Organisatoren der Umfrage   hoffen auf einen hohen R\u00fccklauf. \u201eDann sehen wir, an welchen Stellen wir   Ver\u00e4nderungen angehen m\u00fcssen.\u201c <br \/><br \/>Es ist eine kleine, aber engagierte Gruppe, die sich zusammengesetzt und  den Fragebogen entwickelt hat. \u201eWir sehen jeden Sonntag, dass wir viele  Menschen mit unseren Gottesdiensten nicht mehr erreichen. Wir k\u00f6nnen  nicht einfach weitermachen wie bisher\u201c, sagt der Kirchengemeinderat,  Fahrzeugentwickler und Manager Michael Laub. Anstelle von Resignation  entstand die Idee, alle etwa 9000 Katholiken zu befragen, die der  Gesamtkirchengemeinde St. Urban angeh\u00f6ren und \u00e4lter als 18 Jahre alt  sind  \u2013 die Aktiven, aber eben auch diejenigen, die sich nicht am  Gemeindeleben beteiligen. \u201eEs ist wichtig f\u00fcr unsere Zukunft, auch die  Bed\u00fcrfnisse der passiven, nicht in Erscheinung tretenden stillen  Mitglieder zu kennen. Das sind fast 90 Prozent der Gemeindemitglieder,  die der Kirche treu sind und die auch bereit sind, ihre Kirchensteuer zu  bezahlen, wof\u00fcr wir sehr dankbar sind. Nur wenn wir ihre Bed\u00fcrfnisse  kennen, haben wir die Chance zu reagieren\u201c, sagt Laub.  <\/p>\n\n\n\n<div class=\"wp-block-image\"><figure class=\"alignright size-large is-resized\"><img loading=\"lazy\" decoding=\"async\" src=\"https:\/\/www.sankturban.de\/wp-content\/uploads\/2020\/02\/Pfarrer-Andreas-G\u00e4lle-und-Michael-Laub1-1024x683.jpg\" alt=\"\" class=\"wp-image-8898\" width=\"405\" height=\"269\" srcset=\"https:\/\/www.sankturban.de\/wp-content\/uploads\/2020\/02\/Pfarrer-Andreas-G\u00e4lle-und-Michael-Laub1-1024x683.jpg 1024w, https:\/\/www.sankturban.de\/wp-content\/uploads\/2020\/02\/Pfarrer-Andreas-G\u00e4lle-und-Michael-Laub1-300x200.jpg 300w, https:\/\/www.sankturban.de\/wp-content\/uploads\/2020\/02\/Pfarrer-Andreas-G\u00e4lle-und-Michael-Laub1-768x512.jpg 768w, https:\/\/www.sankturban.de\/wp-content\/uploads\/2020\/02\/Pfarrer-Andreas-G\u00e4lle-und-Michael-Laub1-1536x1024.jpg 1536w, https:\/\/www.sankturban.de\/wp-content\/uploads\/2020\/02\/Pfarrer-Andreas-G\u00e4lle-und-Michael-Laub1-scaled.jpg 2048w, https:\/\/www.sankturban.de\/wp-content\/uploads\/2020\/02\/Pfarrer-Andreas-G\u00e4lle-und-Michael-Laub1-1320x880.jpg 1320w\" sizes=\"auto, (max-width: 405px) 100vw, 405px\" \/><\/figure><\/div>\n\n\n\n<p>Gefragt wird zun\u00e4chst einmal danach, welche Angebote den Menschen bekannt sind, sei es im sozialen Bereich die W\u00e4rmestube, die Kitas, die Begegnungsst\u00e4tte oder das Familienzentrum oder dann die verschiedenen Gottesdienstangebote von der Eucharistiefeier bis zum Taiz\u00e9-Gottesdienst. Auch die Aktivit\u00e4ten der Gemeinde f\u00fcr Senioren, f\u00fcr Familien, f\u00fcr Jugendliche werden aufgelistet und danach gefragt, ob sie bekannt sind und falls ja, wie h\u00e4ufig diese wahrgenommen werden. <br \/> Mit dabei ist auch die Frage, welche zus\u00e4tzlichen Angebote sich die Menschen w\u00fcnschen und auf welche bestehenden Angebote sie gar nicht oder gerne verzichten w\u00fcrden. Wissen m\u00f6chten die Umfragemacher zudem, welcher Bereich, welches Engagement es \u00fcberhaupt ist, dass die Menschen in der Kirche h\u00e4lt: sind es die sozialen Angebote, die Gottesdienste, das Gemeindeleben oder etwas ganz anderes? \u201eWir sind offen f\u00fcr Anregungen und neue Ideen, wir sind bereit f\u00fcr Ver\u00e4nderungen\u201c, sagt Michael Laub, der seit 2005 im Kirchengemeinderat von St. Franziskus aktiv ist und auch wieder kandidiert. Wichtig zu wissen: die Umfrage ist anonym. <br \/><br \/> Die kleine Gruppe wird nach der Wahl am Sonntag, 22. M\u00e4rz, auch die Antworten der Menschen auswerten und dann in den vier Kirchengemeinder\u00e4ten und den Gesamtkirchengemeinderat St. Urban einbringen. Es wird auf jeden Fall auch eine Informationsveranstaltung zu den Umfrageergebnissen geben, zu der wiederum alle Katholiken aus den vier Gemeinden eingeladen sind. Festgesetzt wird der Termin erst nach den Kirchengemeinderatswahlen. \u201eWir hoffen auf einen guten R\u00fccklauf. Je mehr Antworten wir bekommen, ein umso klareres Bild und eine umso bessere Diskussionsgrundlage haben wir.\u201c Auch Pfarrer Andreas G\u00e4lle hofft auf reges Interesse: \u201eKirche &#8211; im Ganzen wie auch unsere Kirchengemeinden vor Ort &#8211; kann ihren Auftrag nur sehen und mit Leben erf\u00fcllen, wenn sie um die Lebenswirklichkeiten ihrer Mitglieder und der Menschen in ihrem Umfeld wei\u00df, und so den Menschen in ihrem Suchen und Fragen, ihrer Freude und Sehnsucht, ihren Sorgen und N\u00f6ten nahe ist und bleibt.\u201c<br \/><br \/><a href=\"https:\/\/erhebung.de\/i\/Ih-rtkMl\/Umfrage-2020-der-GKG-Sankt-Urban\/#\/survey\">Wer nicht bis M\u00e4rz auf die Wahlunterlage samt Umfrageb\u00f6gen warten m\u00f6chte, kann schon jetzt online an der Umfrage teilnehmen auf der Homepage der Gesamtkirchengemeinde St. Urban.<\/a><\/p>\n\n\n\n<p>(Pressemitteilung, Stadtdekanat Stuttgart, Nicole H\u00f6fle)<\/p>\n","protected":false},"excerpt":{"rendered":"<p>Am 22. M\u00e4rz werden in den katholischen Gemeinden in der Di\u00f6zese Rottenburg-Stuttgart neue Kirchengemeinder\u00e4te gew\u00e4hlt. Vier Stuttgarter Gemeinden in den Neckarvororten verbinden die Wahlen mit einer Umfrage unter ihren Mitgliedern.<\/p>\n","protected":false},"author":31,"featured_media":0,"comment_status":"closed","ping_status":"open","sticky":false,"template":"","format":"standard","meta":{"footnotes":""},"categories":[8],"tags":[],"class_list":["post-8892","post","type-post","status-publish","format-standard","hentry","category-startseite"],"_links":{"self":[{"href":"https:\/\/www.sankturban.de\/index.php?rest_route=\/wp\/v2\/posts\/8892","targetHints":{"allow":["GET"]}}],"collection":[{"href":"https:\/\/www.sankturban.de\/index.php?rest_route=\/wp\/v2\/posts"}],"about":[{"href":"https:\/\/www.sankturban.de\/index.php?rest_route=\/wp\/v2\/types\/post"}],"author":[{"embeddable":true,"href":"https:\/\/www.sankturban.de\/index.php?rest_route=\/wp\/v2\/users\/31"}],"replies":[{"embeddable":true,"href":"https:\/\/www.sankturban.de\/index.php?rest_route=%2Fwp%2Fv2%2Fcomments&post=8892"}],"version-history":[{"count":6,"href":"https:\/\/www.sankturban.de\/index.php?rest_route=\/wp\/v2\/posts\/8892\/revisions"}],"predecessor-version":[{"id":8901,"href":"https:\/\/www.sankturban.de\/index.php?rest_route=\/wp\/v2\/posts\/8892\/revisions\/8901"}],"wp:attachment":[{"href":"https:\/\/www.sankturban.de\/index.php?rest_route=%2Fwp%2Fv2%2Fmedia&parent=8892"}],"wp:term":[{"taxonomy":"category","embeddable":true,"href":"https:\/\/www.sankturban.de\/index.php?rest_route=%2Fwp%2Fv2%2Fcategories&post=8892"},{"taxonomy":"post_tag","embeddable":true,"href":"https:\/\/www.sankturban.de\/index.php?rest_route=%2Fwp%2Fv2%2Ftags&post=8892"}],"curies":[{"name":"wp","href":"https:\/\/api.w.org\/{rel}","templated":true}]}}