{"id":8749,"date":"2020-01-02T21:11:19","date_gmt":"2020-01-02T20:11:19","guid":{"rendered":"https:\/\/www.sankturban.de\/?p=8749"},"modified":"2020-01-07T10:39:55","modified_gmt":"2020-01-07T09:39:55","slug":"sternsinger-segen-bringen-segen-sein","status":"publish","type":"post","link":"https:\/\/www.sankturban.de\/?p=8749","title":{"rendered":"Sternsingeraktion 2020: Segen bringen &#8211; Segen sein"},"content":{"rendered":"\n<div class=\"wp-block-image\"><figure class=\"alignleft size-large is-resized\"><img loading=\"lazy\" decoding=\"async\" src=\"https:\/\/www.sankturban.de\/wp-content\/uploads\/2020\/01\/MG_9670-1024x716.jpg\" alt=\"\" class=\"wp-image-8750\" width=\"348\" height=\"243\" srcset=\"https:\/\/www.sankturban.de\/wp-content\/uploads\/2020\/01\/MG_9670-1024x716.jpg 1024w, https:\/\/www.sankturban.de\/wp-content\/uploads\/2020\/01\/MG_9670-300x210.jpg 300w, https:\/\/www.sankturban.de\/wp-content\/uploads\/2020\/01\/MG_9670-768x537.jpg 768w, https:\/\/www.sankturban.de\/wp-content\/uploads\/2020\/01\/MG_9670-1536x1073.jpg 1536w, https:\/\/www.sankturban.de\/wp-content\/uploads\/2020\/01\/MG_9670-scaled.jpg 2048w\" sizes=\"auto, (max-width: 348px) 100vw, 348px\" \/><\/figure><\/div>\n\n\n\n<p>In den ersten Januartagen dieses Jahres sind unseren Kirchengemeinden auch im Jahr 2020 wiederM\u00e4dchen und Jungen als Sternsinger unterwegs,   um die Weihnachtsbotschaft und Gottes Segen in die H\u00e4user und Wohnungen unserer Stadtbezirke zu tragen. Ebenso geht die Kollekte der  Gottesdienste an Dreik\u00f6nig zu Gunsten der Sternsinger. Dabei sammelten sie auch Spenden f\u00fcr die <a rel=\"noreferrer noopener\" href=\"https:\/\/www.sternsinger.de\" target=\"_blank\">\u201eAktion Dreik\u00f6nigssingen\u201c<\/a>, die in diesem Jahr den Libanon als Schwerpunktland sowie Projekte f\u00fcr Kinder in aller Welt unterst\u00fctzt.<\/p>\n\n\n\n<!--more-->\n\n\n\n<p>Die Ergebnisse der Kirchengemeinden der Gesamtkirchengemeinde:<\/p>\n\n\n\n<ul class=\"wp-block-list\"><li>St. Franziskus: 2273,03 Euro \u20ac.<\/li><li>St. Johannes Evangelist: 6.057,50 \u20ac. <\/li><li>St. Markus: 1363,50 \u20ac.<\/li><li>St. Christophorus:  572,33 \u20ac .<\/li><\/ul>\n\n\n\n<p>Die Spenden werden umgehend dem <a href=\"https:\/\/www.sternsinger.de\/ueber-uns\/jahresbericht-2017\/\" target=\"_blank\" rel=\"noreferrer noopener\">P\u00e4pstlichen Kindermissionwerk \u201eDie Sternsinger\u201c<\/a> \u00fcberwiesen.<\/p>\n\n\n\n<p>Allen  Spenderinnen und Spendern gilt unser herzlicher Dank. Ebenso danken wir besonders  allen Kindern und Jugendlichen, die als Heilige Dreik\u00f6nige durch unsere  Kirchengemeinden ziehen, sowie all den erwachsenen Betreuerinnen und Betreuern, die die Sternsingeraktion 2020 vorbereiteten, erm\u00f6glichten und unterst\u00fctzten.<\/p>\n\n\n\n<figure class=\"wp-block-image size-large\"><img loading=\"lazy\" decoding=\"async\" width=\"1024\" height=\"698\" src=\"https:\/\/www.sankturban.de\/wp-content\/uploads\/2020\/01\/SternsingerSt.Johannes-1024x698.jpg\" alt=\"\" class=\"wp-image-8753\" srcset=\"https:\/\/www.sankturban.de\/wp-content\/uploads\/2020\/01\/SternsingerSt.Johannes-1024x698.jpg 1024w, https:\/\/www.sankturban.de\/wp-content\/uploads\/2020\/01\/SternsingerSt.Johannes-300x204.jpg 300w, https:\/\/www.sankturban.de\/wp-content\/uploads\/2020\/01\/SternsingerSt.Johannes-768x523.jpg 768w, https:\/\/www.sankturban.de\/wp-content\/uploads\/2020\/01\/SternsingerSt.Johannes-1536x1046.jpg 1536w, https:\/\/www.sankturban.de\/wp-content\/uploads\/2020\/01\/SternsingerSt.Johannes.jpg 1600w\" sizes=\"auto, (max-width: 1024px) 100vw, 1024px\" \/><figcaption>Sternsinger aus St. Johannes Evangelist in Untert\u00fcrkheim (2020).<\/figcaption><\/figure>\n\n\n\n<figure class=\"wp-block-image size-large\"><img loading=\"lazy\" decoding=\"async\" width=\"600\" height=\"600\" src=\"https:\/\/www.sankturban.de\/wp-content\/uploads\/2020\/01\/Sternsinger-im-HaW-2.jpg\" alt=\"\" class=\"wp-image-8758\" srcset=\"https:\/\/www.sankturban.de\/wp-content\/uploads\/2020\/01\/Sternsinger-im-HaW-2.jpg 600w, https:\/\/www.sankturban.de\/wp-content\/uploads\/2020\/01\/Sternsinger-im-HaW-2-300x300.jpg 300w, https:\/\/www.sankturban.de\/wp-content\/uploads\/2020\/01\/Sternsinger-im-HaW-2-150x150.jpg 150w\" sizes=\"auto, (max-width: 600px) 100vw, 600px\" \/><figcaption>Sternsinger aus St. Franziskus im Haus am Weinberg (2020).<\/figcaption><\/figure>\n\n\n\n<figure class=\"wp-block-image size-large\"><img loading=\"lazy\" decoding=\"async\" width=\"890\" height=\"1024\" src=\"https:\/\/www.sankturban.de\/wp-content\/uploads\/2020\/01\/20200106_123921-890x1024.jpg\" alt=\"\" class=\"wp-image-8760\" srcset=\"https:\/\/www.sankturban.de\/wp-content\/uploads\/2020\/01\/20200106_123921-890x1024.jpg 890w, https:\/\/www.sankturban.de\/wp-content\/uploads\/2020\/01\/20200106_123921-261x300.jpg 261w, https:\/\/www.sankturban.de\/wp-content\/uploads\/2020\/01\/20200106_123921-768x883.jpg 768w, https:\/\/www.sankturban.de\/wp-content\/uploads\/2020\/01\/20200106_123921-1335x1536.jpg 1335w, https:\/\/www.sankturban.de\/wp-content\/uploads\/2020\/01\/20200106_123921-scaled.jpg 1780w\" sizes=\"auto, (max-width: 890px) 100vw, 890px\" \/><figcaption>Sternsinger aus St. Markus (2020).<\/figcaption><\/figure>\n\n\n\n<ul class=\"wp-block-list\"><li><a href=\"https:\/\/www.sternsinger.de\/sternsingen\/sternsinger-zum-neujahrsgottesdienst-bei-papst-franziskus\/\">Sternsinger aus Aachen beim Papst<\/a><\/li><li><a href=\"https:\/\/www.drs.de\/ansicht\/Artikel\/einsatz-fuer-frieden-und-kinder-6665.html\">Aussendung der Sternsinger in unserer Di\u00f6zese<\/a><\/li><li><a href=\"https:\/\/www.katholisch.de\/artikel\/20179-wer-waren-die-heiligen-drei-koenige\">Kindern erkl\u00e4rt: Wer waren die Dreik\u00f6nige?<\/a><\/li><li><a href=\"https:\/\/www.katholisch.de\/artikel\/15981-sternsingerlieder-lyrics\">Sternsingerlieder<\/a><\/li><\/ul>\n","protected":false},"excerpt":{"rendered":"<p>In den ersten Januartagen dieses Jahres sind unseren Kirchengemeinden auch im Jahr 2020 wiederM\u00e4dchen und Jungen als Sternsinger unterwegs, um die Weihnachtsbotschaft und Gottes Segen in die H\u00e4user und Wohnungen unserer Stadtbezirke zu tragen. Ebenso geht die Kollekte der Gottesdienste &hellip; <a href=\"https:\/\/www.sankturban.de\/?p=8749\">Weiterlesen <span class=\"meta-nav\">&rarr;<\/span><\/a><\/p>\n","protected":false},"author":31,"featured_media":0,"comment_status":"closed","ping_status":"open","sticky":false,"template":"","format":"standard","meta":{"footnotes":""},"categories":[8],"tags":[],"class_list":["post-8749","post","type-post","status-publish","format-standard","hentry","category-startseite"],"_links":{"self":[{"href":"https:\/\/www.sankturban.de\/index.php?rest_route=\/wp\/v2\/posts\/8749","targetHints":{"allow":["GET"]}}],"collection":[{"href":"https:\/\/www.sankturban.de\/index.php?rest_route=\/wp\/v2\/posts"}],"about":[{"href":"https:\/\/www.sankturban.de\/index.php?rest_route=\/wp\/v2\/types\/post"}],"author":[{"embeddable":true,"href":"https:\/\/www.sankturban.de\/index.php?rest_route=\/wp\/v2\/users\/31"}],"replies":[{"embeddable":true,"href":"https:\/\/www.sankturban.de\/index.php?rest_route=%2Fwp%2Fv2%2Fcomments&post=8749"}],"version-history":[{"count":5,"href":"https:\/\/www.sankturban.de\/index.php?rest_route=\/wp\/v2\/posts\/8749\/revisions"}],"predecessor-version":[{"id":8761,"href":"https:\/\/www.sankturban.de\/index.php?rest_route=\/wp\/v2\/posts\/8749\/revisions\/8761"}],"wp:attachment":[{"href":"https:\/\/www.sankturban.de\/index.php?rest_route=%2Fwp%2Fv2%2Fmedia&parent=8749"}],"wp:term":[{"taxonomy":"category","embeddable":true,"href":"https:\/\/www.sankturban.de\/index.php?rest_route=%2Fwp%2Fv2%2Fcategories&post=8749"},{"taxonomy":"post_tag","embeddable":true,"href":"https:\/\/www.sankturban.de\/index.php?rest_route=%2Fwp%2Fv2%2Ftags&post=8749"}],"curies":[{"name":"wp","href":"https:\/\/api.w.org\/{rel}","templated":true}]}}