{"id":8528,"date":"2019-09-17T09:06:55","date_gmt":"2019-09-17T08:06:55","guid":{"rendered":"https:\/\/www.sankturban.de\/?p=8528"},"modified":"2019-09-17T09:08:07","modified_gmt":"2019-09-17T08:08:07","slug":"oekumenischer-gottesdienst-in-uhlbach","status":"publish","type":"post","link":"https:\/\/www.sankturban.de\/?p=8528","title":{"rendered":"\u00d6kumenischer Gottesdienst in Uhlbach"},"content":{"rendered":"\n<div class=\"wp-block-image\"><figure class=\"alignleft is-resized\"><img loading=\"lazy\" decoding=\"async\" src=\"https:\/\/www.sankturban.de\/wp-content\/uploads\/2019\/09\/\u00f6kumene.jpg\" alt=\"\" class=\"wp-image-8529\" width=\"192\" height=\"163\" srcset=\"https:\/\/www.sankturban.de\/wp-content\/uploads\/2019\/09\/\u00f6kumene.jpg 945w, https:\/\/www.sankturban.de\/wp-content\/uploads\/2019\/09\/\u00f6kumene-300x254.jpg 300w, https:\/\/www.sankturban.de\/wp-content\/uploads\/2019\/09\/\u00f6kumene-768x650.jpg 768w\" sizes=\"auto, (max-width: 192px) 100vw, 192px\" \/><\/figure><\/div>\n\n\n\n<p>Auch in diesem Jahr laden die evangelsichen Kirchengemeinden von Obert\u00fcrkheim und Uhlbach und die katholische Kirchengemeinde St. Franziskus Obert\u00fcrkheim zu einem \u00f6kumenischen Gottesdienst ein. Gefeiert wird dieser am Sonntag, 22. September, um 9.30 Uhr in der Uhlbacher Andreaskirche.<\/p>\n","protected":false},"excerpt":{"rendered":"<p>Auch in diesem Jahr laden die evangelsichen Kirchengemeinden von Obert\u00fcrkheim und Uhlbach und die katholische Kirchengemeinde St. Franziskus Obert\u00fcrkheim zu einem \u00f6kumenischen Gottesdienst ein. Gefeiert wird dieser am Sonntag, 22. September, um 9.30 Uhr in der Uhlbacher Andreaskirche.<\/p>\n","protected":false},"author":31,"featured_media":0,"comment_status":"closed","ping_status":"open","sticky":false,"template":"","format":"standard","meta":{"footnotes":""},"categories":[5,8],"tags":[],"class_list":["post-8528","post","type-post","status-publish","format-standard","hentry","category-st-franziskus","category-startseite"],"_links":{"self":[{"href":"https:\/\/www.sankturban.de\/index.php?rest_route=\/wp\/v2\/posts\/8528","targetHints":{"allow":["GET"]}}],"collection":[{"href":"https:\/\/www.sankturban.de\/index.php?rest_route=\/wp\/v2\/posts"}],"about":[{"href":"https:\/\/www.sankturban.de\/index.php?rest_route=\/wp\/v2\/types\/post"}],"author":[{"embeddable":true,"href":"https:\/\/www.sankturban.de\/index.php?rest_route=\/wp\/v2\/users\/31"}],"replies":[{"embeddable":true,"href":"https:\/\/www.sankturban.de\/index.php?rest_route=%2Fwp%2Fv2%2Fcomments&post=8528"}],"version-history":[{"count":3,"href":"https:\/\/www.sankturban.de\/index.php?rest_route=\/wp\/v2\/posts\/8528\/revisions"}],"predecessor-version":[{"id":8532,"href":"https:\/\/www.sankturban.de\/index.php?rest_route=\/wp\/v2\/posts\/8528\/revisions\/8532"}],"wp:attachment":[{"href":"https:\/\/www.sankturban.de\/index.php?rest_route=%2Fwp%2Fv2%2Fmedia&parent=8528"}],"wp:term":[{"taxonomy":"category","embeddable":true,"href":"https:\/\/www.sankturban.de\/index.php?rest_route=%2Fwp%2Fv2%2Fcategories&post=8528"},{"taxonomy":"post_tag","embeddable":true,"href":"https:\/\/www.sankturban.de\/index.php?rest_route=%2Fwp%2Fv2%2Ftags&post=8528"}],"curies":[{"name":"wp","href":"https:\/\/api.w.org\/{rel}","templated":true}]}}