{"id":8456,"date":"2019-09-05T09:36:14","date_gmt":"2019-09-05T08:36:14","guid":{"rendered":"https:\/\/www.sankturban.de\/?p=8456"},"modified":"2019-09-05T09:36:17","modified_gmt":"2019-09-05T08:36:17","slug":"gedenken-an-die-zerstoerung-der-stuttgarter-innenstadt","status":"publish","type":"post","link":"https:\/\/www.sankturban.de\/?p=8456","title":{"rendered":"Gedenken an die Zerst\u00f6rung der Stuttgarter Innenstadt"},"content":{"rendered":"\n<p>Ein \u00f6kumenischer Gottesdienst erinnert an die Bombardierung\nStuttgarts vor 75 Jahren<\/p>\n\n\n\n<p>In der Nacht vom 12. auf den 13. September 1944 l\u00f6ste einer der schwersten Luftangriffe auf Stuttgart einen Feuersturm in der Innenstadt aus. Anl\u00e4sslich des Jahrestages gedenken die Kirchen in einem Gottesdienst am Freitag, 13. September, der Zerst\u00f6rung und der zahlreichen Opfer des Bombardements. Der \u00f6kumenische Gottesdienst findet um 16.30 Uhr in der Domkirche St. Eberhard statt.<\/p>\n\n\n\n<p>Stuttgart war das Ziel einer Reihe von Luftangriffen.\nBereits im Juli 1944 richteten sie sich auf die Innenstadt und trafen diese\nschwer. Am 12. September, kurz vor Mitternacht, brachten dann der Bombenhagel\nund die anschlie\u00dfende Feuersbrunst einem Gro\u00dfteil der Innenstadt die vollst\u00e4ndige\nZerst\u00f6rung. \u00dcber 2000 Menschen wurden verletzt oder get\u00f6tet. Zahlreiche\nKirchen, darunter auch die evangelische Stiftskirche und die katholische St. Eberhards-Kirche,\nlagen in Tr\u00fcmmern. Das Gedenken an all die Zerst\u00f6rung und das Leid der Menschen\nlassen Christian Hermes, Dompfarrer und Stadtdekan, Dankbarkeit empfinden f\u00fcr\nden Frieden und die Freiheit, in der wir leben k\u00f6nnen. \u201eZugleich machen sie\naufmerksam auf die unz\u00e4hligen Opfer von Krieg und Gewalt, die wir damals wie\nheute beklagen m\u00fcssen\u201c, so Hermes. <\/p>\n\n\n\n<p>Der Gottesdienst wird neben Hermes vom Cannstatter Dekan\nEckart Schultz-Berg, dem ACK-Vorsitzenden Hartmut Hilke sowie der Dommusik\nStuttgart gestaltet. Zur Sprache kommen werden Erinnerungen des Theologen\nHelmut Thielicke, der in jener Zeit in Stuttgart lebte. Schultz-Berg wird in\nseiner Predigt der Frage nachgehen, wie die Menschen von damals dieses\nunbeschreibliche Leid verkraften konnten. Die Bombennacht verpflichte zum\nbesonderen Einsatz f\u00fcr den Frieden. \u201eDoch der Friede\u201c, so Schultz-Berg, \u201eist\nein fl\u00fcchtiger Geselle. Wir m\u00fcssen uns f\u00fcr ihn engagieren und uns bem\u00fchen, dass\nGerechtigkeit herrscht und dadurch weniger Anlass zum Unfrieden besteht!\u201c W\u00e4hrend\ndes Gedenkens wird Glockengel\u00e4ut an die Opfer erinnern.<\/p>\n","protected":false},"excerpt":{"rendered":"<p>Ein \u00f6kumenischer Gottesdienst erinnert an die Bombardierung Stuttgarts vor 75 Jahren In der Nacht vom 12. auf den 13. September 1944 l\u00f6ste einer der schwersten Luftangriffe auf Stuttgart einen Feuersturm in der Innenstadt aus. Anl\u00e4sslich des Jahrestages gedenken die Kirchen &hellip; <a href=\"https:\/\/www.sankturban.de\/?p=8456\">Weiterlesen <span class=\"meta-nav\">&rarr;<\/span><\/a><\/p>\n","protected":false},"author":31,"featured_media":0,"comment_status":"closed","ping_status":"open","sticky":false,"template":"","format":"standard","meta":{"footnotes":""},"categories":[67],"tags":[],"class_list":["post-8456","post","type-post","status-publish","format-standard","hentry","category-news"],"_links":{"self":[{"href":"https:\/\/www.sankturban.de\/index.php?rest_route=\/wp\/v2\/posts\/8456","targetHints":{"allow":["GET"]}}],"collection":[{"href":"https:\/\/www.sankturban.de\/index.php?rest_route=\/wp\/v2\/posts"}],"about":[{"href":"https:\/\/www.sankturban.de\/index.php?rest_route=\/wp\/v2\/types\/post"}],"author":[{"embeddable":true,"href":"https:\/\/www.sankturban.de\/index.php?rest_route=\/wp\/v2\/users\/31"}],"replies":[{"embeddable":true,"href":"https:\/\/www.sankturban.de\/index.php?rest_route=%2Fwp%2Fv2%2Fcomments&post=8456"}],"version-history":[{"count":1,"href":"https:\/\/www.sankturban.de\/index.php?rest_route=\/wp\/v2\/posts\/8456\/revisions"}],"predecessor-version":[{"id":8457,"href":"https:\/\/www.sankturban.de\/index.php?rest_route=\/wp\/v2\/posts\/8456\/revisions\/8457"}],"wp:attachment":[{"href":"https:\/\/www.sankturban.de\/index.php?rest_route=%2Fwp%2Fv2%2Fmedia&parent=8456"}],"wp:term":[{"taxonomy":"category","embeddable":true,"href":"https:\/\/www.sankturban.de\/index.php?rest_route=%2Fwp%2Fv2%2Fcategories&post=8456"},{"taxonomy":"post_tag","embeddable":true,"href":"https:\/\/www.sankturban.de\/index.php?rest_route=%2Fwp%2Fv2%2Ftags&post=8456"}],"curies":[{"name":"wp","href":"https:\/\/api.w.org\/{rel}","templated":true}]}}