{"id":8442,"date":"2019-09-04T16:59:46","date_gmt":"2019-09-04T15:59:46","guid":{"rendered":"https:\/\/www.sankturban.de\/?p=8442"},"modified":"2019-09-18T07:40:58","modified_gmt":"2019-09-18T06:40:58","slug":"kita-leitung-gesucht","status":"publish","type":"post","link":"https:\/\/www.sankturban.de\/?p=8442","title":{"rendered":"Leitung f\u00fcr Kita &#8222;Franz von Assisi&#8220; gesucht"},"content":{"rendered":"\n<p>Die katholische Gesamtkirchengemeinde St. Urban sucht zum n\u00e4chstm\u00f6glichen Zeitpunkt f\u00fcr ihre <a href=\"https:\/\/www.sankturban.de\/?page_id=846\">Kita &#8222;Franz von Assisi&#8220; in Stuttgart-Obert\u00fcrkheim<\/a> eine neue Leitung (unbefristet, 100%)<\/p>\n\n\n\n<figure class=\"wp-block-image\"><img loading=\"lazy\" decoding=\"async\" width=\"724\" height=\"1024\" src=\"https:\/\/www.sankturban.de\/wp-content\/uploads\/2019\/09\/doc20190918075146_001-724x1024.jpg\" alt=\"\" class=\"wp-image-8534\" srcset=\"https:\/\/www.sankturban.de\/wp-content\/uploads\/2019\/09\/doc20190918075146_001-724x1024.jpg 724w, https:\/\/www.sankturban.de\/wp-content\/uploads\/2019\/09\/doc20190918075146_001-212x300.jpg 212w, https:\/\/www.sankturban.de\/wp-content\/uploads\/2019\/09\/doc20190918075146_001-768x1086.jpg 768w, https:\/\/www.sankturban.de\/wp-content\/uploads\/2019\/09\/doc20190918075146_001-1320x1867.jpg 1320w, https:\/\/www.sankturban.de\/wp-content\/uploads\/2019\/09\/doc20190918075146_001.jpg 1448w\" sizes=\"auto, (max-width: 724px) 100vw, 724px\" \/><\/figure>\n\n\n\n<p>Wir freuen uns \u00fcber Ihr Interesse und auf Ihre Bewerbung!<\/p>\n","protected":false},"excerpt":{"rendered":"<p>Die katholische Gesamtkirchengemeinde St. Urban sucht zum n\u00e4chstm\u00f6glichen Zeitpunkt f\u00fcr ihre Kita &#8222;Franz von Assisi&#8220; in Stuttgart-Obert\u00fcrkheim eine neue Leitung (unbefristet, 100%) Wir freuen uns \u00fcber Ihr Interesse und auf Ihre Bewerbung!<\/p>\n","protected":false},"author":31,"featured_media":0,"comment_status":"closed","ping_status":"open","sticky":false,"template":"","format":"standard","meta":{"footnotes":""},"categories":[67,5],"tags":[],"class_list":["post-8442","post","type-post","status-publish","format-standard","hentry","category-news","category-st-franziskus"],"_links":{"self":[{"href":"https:\/\/www.sankturban.de\/index.php?rest_route=\/wp\/v2\/posts\/8442","targetHints":{"allow":["GET"]}}],"collection":[{"href":"https:\/\/www.sankturban.de\/index.php?rest_route=\/wp\/v2\/posts"}],"about":[{"href":"https:\/\/www.sankturban.de\/index.php?rest_route=\/wp\/v2\/types\/post"}],"author":[{"embeddable":true,"href":"https:\/\/www.sankturban.de\/index.php?rest_route=\/wp\/v2\/users\/31"}],"replies":[{"embeddable":true,"href":"https:\/\/www.sankturban.de\/index.php?rest_route=%2Fwp%2Fv2%2Fcomments&post=8442"}],"version-history":[{"count":4,"href":"https:\/\/www.sankturban.de\/index.php?rest_route=\/wp\/v2\/posts\/8442\/revisions"}],"predecessor-version":[{"id":8535,"href":"https:\/\/www.sankturban.de\/index.php?rest_route=\/wp\/v2\/posts\/8442\/revisions\/8535"}],"wp:attachment":[{"href":"https:\/\/www.sankturban.de\/index.php?rest_route=%2Fwp%2Fv2%2Fmedia&parent=8442"}],"wp:term":[{"taxonomy":"category","embeddable":true,"href":"https:\/\/www.sankturban.de\/index.php?rest_route=%2Fwp%2Fv2%2Fcategories&post=8442"},{"taxonomy":"post_tag","embeddable":true,"href":"https:\/\/www.sankturban.de\/index.php?rest_route=%2Fwp%2Fv2%2Ftags&post=8442"}],"curies":[{"name":"wp","href":"https:\/\/api.w.org\/{rel}","templated":true}]}}