{"id":8439,"date":"2019-09-04T16:21:44","date_gmt":"2019-09-04T15:21:44","guid":{"rendered":"https:\/\/www.sankturban.de\/?p=8439"},"modified":"2019-09-04T16:21:47","modified_gmt":"2019-09-04T15:21:47","slug":"anna-hirtz-beginnt-ausbildung","status":"publish","type":"post","link":"https:\/\/www.sankturban.de\/?p=8439","title":{"rendered":"Anna Hirtz beginnt Ausbildung"},"content":{"rendered":"\n<p>Ihre Ausbildung zur Pastoralreferntin beginnt Frau Anna Hirtz in der ersten Septemberwoche. Nach einer mehrw\u00f6chigen gemeinsamen Einf\u00fchrungsphase in Heiligenbronn und Rottenburg wird sie dann f\u00fcr fast drei Jahre als Pastoralassitentin in der Gesamtkirchengemeinde St. Urban eingesetzt sein &#8211; unterbrochen von Ausbildungswochen au\u00dferhalb Stuttgarts. Als Mentor wird ihr Pastoralreferent Markus Lindel zur Seite stehen.<br \/>Wir w\u00fcnschen Anna Hirtz alles Gute und Gottes Segen!<\/p>\n","protected":false},"excerpt":{"rendered":"<p>Ihre Ausbildung zur Pastoralreferntin beginnt Frau Anna Hirtz in der ersten Septemberwoche. Nach einer mehrw\u00f6chigen gemeinsamen Einf\u00fchrungsphase in Heiligenbronn und Rottenburg wird sie dann f\u00fcr fast drei Jahre als Pastoralassitentin in der Gesamtkirchengemeinde St. Urban eingesetzt sein &#8211; unterbrochen von &hellip; <a href=\"https:\/\/www.sankturban.de\/?p=8439\">Weiterlesen <span class=\"meta-nav\">&rarr;<\/span><\/a><\/p>\n","protected":false},"author":31,"featured_media":0,"comment_status":"closed","ping_status":"open","sticky":false,"template":"","format":"standard","meta":{"footnotes":""},"categories":[67],"tags":[],"class_list":["post-8439","post","type-post","status-publish","format-standard","hentry","category-news"],"_links":{"self":[{"href":"https:\/\/www.sankturban.de\/index.php?rest_route=\/wp\/v2\/posts\/8439","targetHints":{"allow":["GET"]}}],"collection":[{"href":"https:\/\/www.sankturban.de\/index.php?rest_route=\/wp\/v2\/posts"}],"about":[{"href":"https:\/\/www.sankturban.de\/index.php?rest_route=\/wp\/v2\/types\/post"}],"author":[{"embeddable":true,"href":"https:\/\/www.sankturban.de\/index.php?rest_route=\/wp\/v2\/users\/31"}],"replies":[{"embeddable":true,"href":"https:\/\/www.sankturban.de\/index.php?rest_route=%2Fwp%2Fv2%2Fcomments&post=8439"}],"version-history":[{"count":1,"href":"https:\/\/www.sankturban.de\/index.php?rest_route=\/wp\/v2\/posts\/8439\/revisions"}],"predecessor-version":[{"id":8440,"href":"https:\/\/www.sankturban.de\/index.php?rest_route=\/wp\/v2\/posts\/8439\/revisions\/8440"}],"wp:attachment":[{"href":"https:\/\/www.sankturban.de\/index.php?rest_route=%2Fwp%2Fv2%2Fmedia&parent=8439"}],"wp:term":[{"taxonomy":"category","embeddable":true,"href":"https:\/\/www.sankturban.de\/index.php?rest_route=%2Fwp%2Fv2%2Fcategories&post=8439"},{"taxonomy":"post_tag","embeddable":true,"href":"https:\/\/www.sankturban.de\/index.php?rest_route=%2Fwp%2Fv2%2Ftags&post=8439"}],"curies":[{"name":"wp","href":"https:\/\/api.w.org\/{rel}","templated":true}]}}