{"id":8429,"date":"2019-09-04T16:15:34","date_gmt":"2019-09-04T15:15:34","guid":{"rendered":"https:\/\/www.sankturban.de\/?p=8429"},"modified":"2019-09-04T20:31:49","modified_gmt":"2019-09-04T19:31:49","slug":"priesterweihen-vor-10-und-25-jahren","status":"publish","type":"post","link":"https:\/\/www.sankturban.de\/?p=8429","title":{"rendered":"Priesterweihen vor 10 und 25 Jahren"},"content":{"rendered":"\n<div class=\"wp-block-image\"><figure class=\"alignleft is-resized\"><img loading=\"lazy\" decoding=\"async\" src=\"https:\/\/www.sankturban.de\/wp-content\/uploads\/2019\/09\/Stehempfang-1024x682.jpg\" alt=\"\" class=\"wp-image-8430\" width=\"296\" height=\"197\" srcset=\"https:\/\/www.sankturban.de\/wp-content\/uploads\/2019\/09\/Stehempfang-1024x682.jpg 1024w, https:\/\/www.sankturban.de\/wp-content\/uploads\/2019\/09\/Stehempfang-300x200.jpg 300w, https:\/\/www.sankturban.de\/wp-content\/uploads\/2019\/09\/Stehempfang-768x511.jpg 768w, https:\/\/www.sankturban.de\/wp-content\/uploads\/2019\/09\/Stehempfang-1320x879.jpg 1320w, https:\/\/www.sankturban.de\/wp-content\/uploads\/2019\/09\/Stehempfang.jpg 2046w\" sizes=\"auto, (max-width: 296px) 100vw, 296px\" \/><\/figure><\/div>\n\n\n\n<p>Gleich zweimal konnte man in den zur\u00fcckliegenden Sommertagen in der katholischen Gesamtkirchengemeinde St. Urban den Jahrestag einer Priesterweihe begehen. Am 19. Juli fand nach der Eucharistiefeier ein Stehempfang auf dem Kirchplatz statt: Pfarrer Andreas G\u00e4lle empfing zusammen mit sieben Mitbr\u00fcdern vor 10 Jahren in St. Peter und Paul in Neuhausen auf den Fildern die Priesterweihe durch Bischof Gebhard F\u00fcrst. <\/p>\n\n\n\n<!--more-->\n\n\n\n<p>Am 27. August konnte dann Pfarrer Dr. Chibuike Ukeh mit einer Messe und anschlie\u00dfendem St\u00e4nderling sein Silbernes Priesterjubil\u00e4um begehen. Pfarrer Ukeh ist auch in diesem Jahr als Urlaubsvertretung in der Gesamtkirchengemeinde t\u00e4tig.<\/p>\n\n\n\n<ul class=\"wp-block-gallery columns-3 is-cropped wp-block-gallery-1 is-layout-flex wp-block-gallery-is-layout-flex\"><li class=\"blocks-gallery-item\"><figure><a href=\"https:\/\/www.sankturban.de\/wp-content\/uploads\/2019\/09\/Messe10Jahrestag-1024x826.jpg\"><img loading=\"lazy\" decoding=\"async\" width=\"1024\" height=\"826\" src=\"https:\/\/www.sankturban.de\/wp-content\/uploads\/2019\/09\/Messe10Jahrestag-1024x826.jpg\" alt=\"\" data-id=\"8432\" data-link=\"https:\/\/www.sankturban.de\/wp-content\/uploads\/2019\/09\/Messe10Jahrestag.jpg\" class=\"wp-image-8432\" srcset=\"https:\/\/www.sankturban.de\/wp-content\/uploads\/2019\/09\/Messe10Jahrestag-1024x826.jpg 1024w, https:\/\/www.sankturban.de\/wp-content\/uploads\/2019\/09\/Messe10Jahrestag-300x242.jpg 300w, https:\/\/www.sankturban.de\/wp-content\/uploads\/2019\/09\/Messe10Jahrestag-768x619.jpg 768w, https:\/\/www.sankturban.de\/wp-content\/uploads\/2019\/09\/Messe10Jahrestag-1320x1065.jpg 1320w, https:\/\/www.sankturban.de\/wp-content\/uploads\/2019\/09\/Messe10Jahrestag.jpg 1551w\" sizes=\"auto, (max-width: 1024px) 100vw, 1024px\" \/><\/a><\/figure><\/li><li class=\"blocks-gallery-item\"><figure><a href=\"https:\/\/www.sankturban.de\/wp-content\/uploads\/2019\/09\/Jubil\u00e4umUkeh-1024x576.jpg\"><img loading=\"lazy\" decoding=\"async\" width=\"1024\" height=\"576\" src=\"https:\/\/www.sankturban.de\/wp-content\/uploads\/2019\/09\/Jubil\u00e4umUkeh-1024x576.jpg\" alt=\"\" data-id=\"8433\" data-link=\"https:\/\/www.sankturban.de\/wp-content\/uploads\/2019\/09\/Jubil\u00e4umUkeh.jpg\" class=\"wp-image-8433\" srcset=\"https:\/\/www.sankturban.de\/wp-content\/uploads\/2019\/09\/Jubil\u00e4umUkeh-1024x576.jpg 1024w, https:\/\/www.sankturban.de\/wp-content\/uploads\/2019\/09\/Jubil\u00e4umUkeh-300x169.jpg 300w, https:\/\/www.sankturban.de\/wp-content\/uploads\/2019\/09\/Jubil\u00e4umUkeh-768x432.jpg 768w, https:\/\/www.sankturban.de\/wp-content\/uploads\/2019\/09\/Jubil\u00e4umUkeh-1320x742.jpg 1320w, https:\/\/www.sankturban.de\/wp-content\/uploads\/2019\/09\/Jubil\u00e4umUkeh.jpg 1599w\" sizes=\"auto, (max-width: 1024px) 100vw, 1024px\" \/><\/a><\/figure><\/li><li class=\"blocks-gallery-item\"><figure><a href=\"https:\/\/www.sankturban.de\/wp-content\/uploads\/2019\/09\/FahnenStFranziskus-2-576x1024.jpg\"><img loading=\"lazy\" decoding=\"async\" width=\"576\" height=\"1024\" src=\"https:\/\/www.sankturban.de\/wp-content\/uploads\/2019\/09\/FahnenStFranziskus-2-576x1024.jpg\" alt=\"\" data-id=\"8435\" data-link=\"https:\/\/www.sankturban.de\/wp-content\/uploads\/2019\/09\/FahnenStFranziskus-2.jpg\" class=\"wp-image-8435\" srcset=\"https:\/\/www.sankturban.de\/wp-content\/uploads\/2019\/09\/FahnenStFranziskus-2-576x1024.jpg 576w, https:\/\/www.sankturban.de\/wp-content\/uploads\/2019\/09\/FahnenStFranziskus-2-169x300.jpg 169w, https:\/\/www.sankturban.de\/wp-content\/uploads\/2019\/09\/FahnenStFranziskus-2-768x1365.jpg 768w, https:\/\/www.sankturban.de\/wp-content\/uploads\/2019\/09\/FahnenStFranziskus-2-1320x2347.jpg 1320w, https:\/\/www.sankturban.de\/wp-content\/uploads\/2019\/09\/FahnenStFranziskus-2.jpg 1152w\" sizes=\"auto, (max-width: 576px) 100vw, 576px\" \/><\/a><\/figure><\/li><\/ul>\n\n\n\n<p>Allen, die diese besonderen Tage mitvorbereitet und mitgestaltet haben, sei herzlich gedankt. Ebenso den Mitfeierenden, die gute Gl\u00fcck- und Segensw\u00fcnsche \u00fcberbrachten.<\/p>\n","protected":false},"excerpt":{"rendered":"<p>Gleich zweimal konnte man in den zur\u00fcckliegenden Sommertagen in der katholischen Gesamtkirchengemeinde St. Urban den Jahrestag einer Priesterweihe begehen. Am 19. Juli fand nach der Eucharistiefeier ein Stehempfang auf dem Kirchplatz statt: Pfarrer Andreas G\u00e4lle empfing zusammen mit sieben Mitbr\u00fcdern &hellip; <a href=\"https:\/\/www.sankturban.de\/?p=8429\">Weiterlesen <span class=\"meta-nav\">&rarr;<\/span><\/a><\/p>\n","protected":false},"author":31,"featured_media":0,"comment_status":"closed","ping_status":"open","sticky":false,"template":"","format":"standard","meta":{"footnotes":""},"categories":[8],"tags":[],"class_list":["post-8429","post","type-post","status-publish","format-standard","hentry","category-startseite"],"_links":{"self":[{"href":"https:\/\/www.sankturban.de\/index.php?rest_route=\/wp\/v2\/posts\/8429","targetHints":{"allow":["GET"]}}],"collection":[{"href":"https:\/\/www.sankturban.de\/index.php?rest_route=\/wp\/v2\/posts"}],"about":[{"href":"https:\/\/www.sankturban.de\/index.php?rest_route=\/wp\/v2\/types\/post"}],"author":[{"embeddable":true,"href":"https:\/\/www.sankturban.de\/index.php?rest_route=\/wp\/v2\/users\/31"}],"replies":[{"embeddable":true,"href":"https:\/\/www.sankturban.de\/index.php?rest_route=%2Fwp%2Fv2%2Fcomments&post=8429"}],"version-history":[{"count":6,"href":"https:\/\/www.sankturban.de\/index.php?rest_route=\/wp\/v2\/posts\/8429\/revisions"}],"predecessor-version":[{"id":8450,"href":"https:\/\/www.sankturban.de\/index.php?rest_route=\/wp\/v2\/posts\/8429\/revisions\/8450"}],"wp:attachment":[{"href":"https:\/\/www.sankturban.de\/index.php?rest_route=%2Fwp%2Fv2%2Fmedia&parent=8429"}],"wp:term":[{"taxonomy":"category","embeddable":true,"href":"https:\/\/www.sankturban.de\/index.php?rest_route=%2Fwp%2Fv2%2Fcategories&post=8429"},{"taxonomy":"post_tag","embeddable":true,"href":"https:\/\/www.sankturban.de\/index.php?rest_route=%2Fwp%2Fv2%2Ftags&post=8429"}],"curies":[{"name":"wp","href":"https:\/\/api.w.org\/{rel}","templated":true}]}}