{"id":8162,"date":"2019-04-24T09:01:00","date_gmt":"2019-04-24T08:01:00","guid":{"rendered":"https:\/\/www.sankturban.de\/?p=8162"},"modified":"2019-04-24T09:01:04","modified_gmt":"2019-04-24T08:01:04","slug":"pilgern-fuer-europa-mit-bischof-fuerst-unterwegs","status":"publish","type":"post","link":"https:\/\/www.sankturban.de\/?p=8162","title":{"rendered":"Pilgern f\u00fcr Europa: Mit Bischof F\u00fcrst unterwegs"},"content":{"rendered":"\n<div class=\"wp-block-image\"><figure class=\"alignleft is-resized\"><img loading=\"lazy\" decoding=\"async\" src=\"https:\/\/www.sankturban.de\/wp-content\/uploads\/2019\/04\/martin_hl_riegersburg-2004-02_by_martin_manigatterer_pfarrbriefservice.jpg\" alt=\"\" class=\"wp-image-8163\" width=\"301\" height=\"301\" srcset=\"https:\/\/www.sankturban.de\/wp-content\/uploads\/2019\/04\/martin_hl_riegersburg-2004-02_by_martin_manigatterer_pfarrbriefservice.jpg 650w, https:\/\/www.sankturban.de\/wp-content\/uploads\/2019\/04\/martin_hl_riegersburg-2004-02_by_martin_manigatterer_pfarrbriefservice-150x150.jpg 150w, https:\/\/www.sankturban.de\/wp-content\/uploads\/2019\/04\/martin_hl_riegersburg-2004-02_by_martin_manigatterer_pfarrbriefservice-300x300.jpg 300w\" sizes=\"auto, (max-width: 301px) 100vw, 301px\" \/><\/figure><\/div>\n\n\n\n<p>Am 26. Mai wird das 9. Europ\u00e4ische Parlament gew\u00e4hlt. Bischof F\u00fcrst l\u00e4dt deshalb am Dienstag, 7. Mai 2019 ein, mit ihm gemeinsam im Geiste des Martin von Tours f\u00fcr ein offenes, menschenfreundliches Europa und eine Kultur des Teilens einzutreten. <\/p>\n\n\n\n<!--more-->\n\n\n\n<p>Zwei Pilgergruppen, die eine\nin der St. Thomas Morus-Kirche, Korianderstr. 34, Stuttgart-Heumaden, Sitz der\nFranz\u00f6sischen Katholischen Gemeinde, Sainte Th\u00e9r\u00e8se de l\u00b4Enfant J\u00e9sus, die\nandere in der Kirche Bruder Klaus, Albert-Sch\u00e4ffle-Stra\u00dfe 30,\nStuttgart-Gablenberg, Sitz der Ungarischen Gemeinde, Szent Gell\u00e9rt. starten am\n7. Mai 2019 um 17:15 Uhr. <\/p>\n\n\n\n<p>Ziel ist die Kirche St. Martin, Bad Cannstatt, Br\u00fcckenstr. 22, 70376 Stuttgart. Nach ca. f\u00fcnf Kilometer Fu\u00dfmarsch und auf der zweiten Route mit einer kurzen Fahrt mit der Stadtbahn treffen die Pilger ca. um 19:15 Uhr ein. Beendet wird der Pilgertag mit dem Bischof mit einer Abendandacht. <br \/><br \/>(Bild: www.pfarrbriefservice.de)<\/p>\n","protected":false},"excerpt":{"rendered":"<p>Am 26. Mai wird das 9. Europ\u00e4ische Parlament gew\u00e4hlt. Bischof F\u00fcrst l\u00e4dt deshalb am Dienstag, 7. Mai 2019 ein, mit ihm gemeinsam im Geiste des Martin von Tours f\u00fcr ein offenes, menschenfreundliches Europa und eine Kultur des Teilens einzutreten.<\/p>\n","protected":false},"author":31,"featured_media":0,"comment_status":"closed","ping_status":"open","sticky":false,"template":"","format":"standard","meta":{"footnotes":""},"categories":[8],"tags":[],"class_list":["post-8162","post","type-post","status-publish","format-standard","hentry","category-startseite"],"_links":{"self":[{"href":"https:\/\/www.sankturban.de\/index.php?rest_route=\/wp\/v2\/posts\/8162","targetHints":{"allow":["GET"]}}],"collection":[{"href":"https:\/\/www.sankturban.de\/index.php?rest_route=\/wp\/v2\/posts"}],"about":[{"href":"https:\/\/www.sankturban.de\/index.php?rest_route=\/wp\/v2\/types\/post"}],"author":[{"embeddable":true,"href":"https:\/\/www.sankturban.de\/index.php?rest_route=\/wp\/v2\/users\/31"}],"replies":[{"embeddable":true,"href":"https:\/\/www.sankturban.de\/index.php?rest_route=%2Fwp%2Fv2%2Fcomments&post=8162"}],"version-history":[{"count":1,"href":"https:\/\/www.sankturban.de\/index.php?rest_route=\/wp\/v2\/posts\/8162\/revisions"}],"predecessor-version":[{"id":8164,"href":"https:\/\/www.sankturban.de\/index.php?rest_route=\/wp\/v2\/posts\/8162\/revisions\/8164"}],"wp:attachment":[{"href":"https:\/\/www.sankturban.de\/index.php?rest_route=%2Fwp%2Fv2%2Fmedia&parent=8162"}],"wp:term":[{"taxonomy":"category","embeddable":true,"href":"https:\/\/www.sankturban.de\/index.php?rest_route=%2Fwp%2Fv2%2Fcategories&post=8162"},{"taxonomy":"post_tag","embeddable":true,"href":"https:\/\/www.sankturban.de\/index.php?rest_route=%2Fwp%2Fv2%2Ftags&post=8162"}],"curies":[{"name":"wp","href":"https:\/\/api.w.org\/{rel}","templated":true}]}}