{"id":8117,"date":"2019-04-13T20:09:38","date_gmt":"2019-04-13T19:09:38","guid":{"rendered":"https:\/\/www.sankturban.de\/?p=8117"},"modified":"2019-04-13T20:12:34","modified_gmt":"2019-04-13T19:12:34","slug":"oekumenischer-kreuzweg-in-wangen","status":"publish","type":"post","link":"https:\/\/www.sankturban.de\/?p=8117","title":{"rendered":"&#8222;Ansehen und W\u00fcrde&#8220;: \u00d6kumenischer Kreuzweg in Wangen"},"content":{"rendered":"\n<div class=\"wp-block-image\"><figure class=\"alignleft is-resized\"><img loading=\"lazy\" decoding=\"async\" src=\"https:\/\/www.sankturban.de\/wp-content\/uploads\/2019\/04\/img_8895_by_bernhard_riedl_pfarrbriefservice.jpg\" alt=\"\" class=\"wp-image-8118\" width=\"259\" height=\"172\" srcset=\"https:\/\/www.sankturban.de\/wp-content\/uploads\/2019\/04\/img_8895_by_bernhard_riedl_pfarrbriefservice.jpg 650w, https:\/\/www.sankturban.de\/wp-content\/uploads\/2019\/04\/img_8895_by_bernhard_riedl_pfarrbriefservice-300x200.jpg 300w\" sizes=\"auto, (max-width: 259px) 100vw, 259px\" \/><\/figure><\/div>\n\n\n\n<p>Am Mittwoch der Karwoche findet auch in diesem Jahr ein \u00f6kumenischer Kreuzweg statt, der durch den Stadtteil f\u00fchrt und an verschiedenen Stationen halt macht. In diesem jahr steht er thematisch unter dem Aspekt: &#8222;Ansehen und W\u00fcrde eines Menschen&#8220;.<\/p>\n\n\n\n<!--more-->\n\n\n\n<p>Treffpunkt ist am Karmittwoch, 17. April, um 17.30 Uhr am Bezirksratzhaus (Wangener Marktplatz).<br \/><br \/>Die evangelische und die katholische Kirchengemeinde laden herzlich dazu ein.<\/p>\n\n\n\n<ul class=\"wp-block-list\"><li><a href=\"https:\/\/www.wangen-evangelisch.de\/aktuell\/?title=oekumenischer-kreuzweg&amp;detail=b4692c3bbf737d0c7eecc4ec2cb0f2b1&amp;eventdate=af172d2c39a0822989e5065e3543da20\">\u00d6kumenischer Kreuzweg 2019<\/a><\/li><li><a href=\"https:\/\/www.wangen-evangelisch.de\/aktuell\/?title=oekumenischer-kreuzweg&amp;detail=b4692c3bbf737d0c7eecc4ec2cb0f2b1&amp;eventdate=af172d2c39a0822989e5065e3543da20\">Alle Gottesdienste der Kar- und Ostertage in der kath. Gesamtkirchengemeinde<\/a><\/li><li><\/li><\/ul>\n","protected":false},"excerpt":{"rendered":"<p>Am Mittwoch der Karwoche findet auch in diesem Jahr ein \u00f6kumenischer Kreuzweg statt, der durch den Stadtteil f\u00fchrt und an verschiedenen Stationen halt macht. In diesem jahr steht er thematisch unter dem Aspekt: &#8222;Ansehen und W\u00fcrde eines Menschen&#8220;.<\/p>\n","protected":false},"author":31,"featured_media":0,"comment_status":"closed","ping_status":"open","sticky":false,"template":"","format":"standard","meta":{"footnotes":""},"categories":[8],"tags":[],"class_list":["post-8117","post","type-post","status-publish","format-standard","hentry","category-startseite"],"_links":{"self":[{"href":"https:\/\/www.sankturban.de\/index.php?rest_route=\/wp\/v2\/posts\/8117","targetHints":{"allow":["GET"]}}],"collection":[{"href":"https:\/\/www.sankturban.de\/index.php?rest_route=\/wp\/v2\/posts"}],"about":[{"href":"https:\/\/www.sankturban.de\/index.php?rest_route=\/wp\/v2\/types\/post"}],"author":[{"embeddable":true,"href":"https:\/\/www.sankturban.de\/index.php?rest_route=\/wp\/v2\/users\/31"}],"replies":[{"embeddable":true,"href":"https:\/\/www.sankturban.de\/index.php?rest_route=%2Fwp%2Fv2%2Fcomments&post=8117"}],"version-history":[{"count":5,"href":"https:\/\/www.sankturban.de\/index.php?rest_route=\/wp\/v2\/posts\/8117\/revisions"}],"predecessor-version":[{"id":8123,"href":"https:\/\/www.sankturban.de\/index.php?rest_route=\/wp\/v2\/posts\/8117\/revisions\/8123"}],"wp:attachment":[{"href":"https:\/\/www.sankturban.de\/index.php?rest_route=%2Fwp%2Fv2%2Fmedia&parent=8117"}],"wp:term":[{"taxonomy":"category","embeddable":true,"href":"https:\/\/www.sankturban.de\/index.php?rest_route=%2Fwp%2Fv2%2Fcategories&post=8117"},{"taxonomy":"post_tag","embeddable":true,"href":"https:\/\/www.sankturban.de\/index.php?rest_route=%2Fwp%2Fv2%2Ftags&post=8117"}],"curies":[{"name":"wp","href":"https:\/\/api.w.org\/{rel}","templated":true}]}}