{"id":8009,"date":"2019-02-23T23:27:44","date_gmt":"2019-02-23T22:27:44","guid":{"rendered":"https:\/\/www.sankturban.de\/?p=8009"},"modified":"2019-02-23T23:28:51","modified_gmt":"2019-02-23T22:28:51","slug":"frauen-laden-zum-gebet-ein","status":"publish","type":"post","link":"https:\/\/www.sankturban.de\/?p=8009","title":{"rendered":"Frauen laden weltweit zum Gebet ein"},"content":{"rendered":"\n<p><\/p>\n\n\n\n<div class=\"wp-block-image\"><figure class=\"alignleft\"><img loading=\"lazy\" decoding=\"async\" width=\"180\" height=\"180\" src=\"https:\/\/www.sankturban.de\/wp-content\/uploads\/2019\/02\/webseite_.jpg\" alt=\"\" class=\"wp-image-8010\" srcset=\"https:\/\/www.sankturban.de\/wp-content\/uploads\/2019\/02\/webseite_.jpg 180w, https:\/\/www.sankturban.de\/wp-content\/uploads\/2019\/02\/webseite_-150x150.jpg 150w\" sizes=\"auto, (max-width: 180px) 100vw, 180px\" \/><\/figure><\/div>\n\n\n\n<p>&#8222;Kommt, alles ist bereit\u201d: Mit der Bibelstelle des Festmahls aus dem Lukasevangelium 14 laden die slowenischen Frauen ein zum Weltgebetstag am 1. M\u00e4rz 2019. Ihr Gottesdienst entf\u00fchrt uns in das Naturparadies zwischen Alpen und Adria, Slowenien. Und er bietet Raum f\u00fcr alle. Es ist noch Platz \u2013 \u00a0besonders f\u00fcr all jene Menschen, die sonst ausgegrenzt werden wie Arme, Gefl\u00fcchtete, Kranke und Obdachlose. Die K\u00fcnstlerin Rezka Arnu\u0161 hat dieses Anliegen in ihrem Titelbild symboltr\u00e4chtig umgesetzt. In \u00fcber 120 L\u00e4ndern der Erde rufen \u00f6kumenische Frauengruppen damit zum Mitmachen beim Weltgebetstag auf. \u00a0<\/p>\n\n\n\n<!--more-->\n\n\n\n<p>Slowenien ist eines der j\u00fcngsten und kleinsten L\u00e4nder der Europ\u00e4ischen Union. Von seinen gerade mal zwei Millionen Einwohner sind knapp 60 % katholisch. Obwohl das Land tiefe christliche Wurzeln hat, praktiziert nur gut ein F\u00fcnftel der Bev\u00f6lkerung seinen Glauben. Bis zum Jahr 1991 war Slowenien nie ein unabh\u00e4ngiger Staat. Dennoch war es \u00fcber Jahrhunderte Knotenpunkt f\u00fcr Handel und Menschen aus aller Welt. Sie brachten vielf\u00e4ltige kulturelle und religi\u00f6se Einfl\u00fcsse mit. Bereits zu Zeiten Jugoslawiens galt der damalige Teilstaat Slowenien als das Aush\u00e4ngeschild f\u00fcr wirtschaftlichen Fortschritt. Heute liegt es auf der \u201eber\u00fcchtigten\u201c Balkanroute, auf der im Jahr 2015 tausende vor Krieg und Verfolgung gefl\u00fcchtete Menschen nach Europa kamen. <\/p>\n\n\n\n<p>Mit offenen H\u00e4nden und einem freundlichen L\u00e4cheln\nladen die slowenischen Frauen die ganze Welt zu ihrem Gottesdienst ein. Der\nWeltgebetstag ist in ihrem Land noch sehr jung. Seit 2003 gibt es ein landesweit\nengagiertes Vorbereitungs-Team. Dank\nKollekten und Spenden zum Weltgebetstag der Sloweninnen f\u00f6rdert das deutsche\nWeltgebetstagskomitee die Arbeit seiner weltweiten Partnerinnen. \u201eKommt,\nalles ist bereit\u201c unter diesem Motto geht es im Jahr 2019 besonders um Unterst\u00fctzung\ndaf\u00fcr, dass Frauen weltweit \u201emit am Tisch sitzen k\u00f6nnen\u201c. Deshalb unterst\u00fctzt\ndie Weltgebetstagsbewegung aus Deutschland Menschenrechtsarbeit in Kolumbien, Bildung\nf\u00fcr Fl\u00fcchtlingskinder im Libanon, einen Verein von Roma-Frauen in Slowenien und\nviele weitere Partnerinnen in Afrika, Asien, Europa und Lateinamerika.&nbsp; <\/p>\n\n\n\n<p>\u00dcber L\u00e4nder- und Konfessionsgrenzen hinweg engagieren\nsich Frauen f\u00fcr den Weltgebetstag. Seit \u00fcber 100 Jahren macht die Bewegung sich\nstark f\u00fcr die Rechte von Frauen und M\u00e4dchen in Kirche und Gesellschaft. Am 1.\nM\u00e4rz 2019 werden allein in Deutschland hundertausende Frauen, M\u00e4nner,\nJugendliche und Kinder die Gottesdienste und Veranstaltungen besuchen.\nGemeinsam setzen sie am Weltgebetstag 2019 ein Zeichen f\u00fcr Gastfreundschaft und\nMiteinander: Kommt, alles ist bereit! Es ist noch Platz. <\/p>\n\n\n\n<p><em>Lisa Sch\u00fcrmann, Weltgebetstag der\nFrauen \u2013 Deutsches Komitee e.V.<\/em><\/p>\n\n\n\n<ul class=\"wp-block-list\"><li><a href=\"https:\/\/www.sankturban.de\/wp-content\/uploads\/2019\/01\/Gottesdienste-M%C3%A4rz-2019.jpg\">Gottesdienste zum Weltgebetstag in der Gesamtkirchengemeinde<\/a><\/li><\/ul>\n","protected":false},"excerpt":{"rendered":"<p>&#8222;Kommt, alles ist bereit\u201d: Mit der Bibelstelle des Festmahls aus dem Lukasevangelium 14 laden die slowenischen Frauen ein zum Weltgebetstag am 1. M\u00e4rz 2019. Ihr Gottesdienst entf\u00fchrt uns in das Naturparadies zwischen Alpen und Adria, Slowenien. Und er bietet Raum &hellip; <a href=\"https:\/\/www.sankturban.de\/?p=8009\">Weiterlesen <span class=\"meta-nav\">&rarr;<\/span><\/a><\/p>\n","protected":false},"author":31,"featured_media":0,"comment_status":"closed","ping_status":"open","sticky":false,"template":"","format":"standard","meta":{"footnotes":""},"categories":[8],"tags":[],"class_list":["post-8009","post","type-post","status-publish","format-standard","hentry","category-startseite"],"_links":{"self":[{"href":"https:\/\/www.sankturban.de\/index.php?rest_route=\/wp\/v2\/posts\/8009","targetHints":{"allow":["GET"]}}],"collection":[{"href":"https:\/\/www.sankturban.de\/index.php?rest_route=\/wp\/v2\/posts"}],"about":[{"href":"https:\/\/www.sankturban.de\/index.php?rest_route=\/wp\/v2\/types\/post"}],"author":[{"embeddable":true,"href":"https:\/\/www.sankturban.de\/index.php?rest_route=\/wp\/v2\/users\/31"}],"replies":[{"embeddable":true,"href":"https:\/\/www.sankturban.de\/index.php?rest_route=%2Fwp%2Fv2%2Fcomments&post=8009"}],"version-history":[{"count":2,"href":"https:\/\/www.sankturban.de\/index.php?rest_route=\/wp\/v2\/posts\/8009\/revisions"}],"predecessor-version":[{"id":8012,"href":"https:\/\/www.sankturban.de\/index.php?rest_route=\/wp\/v2\/posts\/8009\/revisions\/8012"}],"wp:attachment":[{"href":"https:\/\/www.sankturban.de\/index.php?rest_route=%2Fwp%2Fv2%2Fmedia&parent=8009"}],"wp:term":[{"taxonomy":"category","embeddable":true,"href":"https:\/\/www.sankturban.de\/index.php?rest_route=%2Fwp%2Fv2%2Fcategories&post=8009"},{"taxonomy":"post_tag","embeddable":true,"href":"https:\/\/www.sankturban.de\/index.php?rest_route=%2Fwp%2Fv2%2Ftags&post=8009"}],"curies":[{"name":"wp","href":"https:\/\/api.w.org\/{rel}","templated":true}]}}