{"id":8002,"date":"2019-02-08T15:01:52","date_gmt":"2019-02-08T14:01:52","guid":{"rendered":"https:\/\/www.sankturban.de\/?p=8002"},"modified":"2019-02-08T15:03:59","modified_gmt":"2019-02-08T14:03:59","slug":"missio-sonntag-weitet-den-blick","status":"publish","type":"post","link":"https:\/\/www.sankturban.de\/?p=8002","title":{"rendered":"missio-Sonntag weitet den Blick"},"content":{"rendered":"\n<div class=\"wp-block-image\"><figure class=\"alignleft is-resized\"><img loading=\"lazy\" decoding=\"async\" src=\"https:\/\/www.sankturban.de\/wp-content\/uploads\/2019\/02\/index.jpg\" alt=\"\" class=\"wp-image-8005\" width=\"201\" height=\"201\" srcset=\"https:\/\/www.sankturban.de\/wp-content\/uploads\/2019\/02\/index.jpg 225w, https:\/\/www.sankturban.de\/wp-content\/uploads\/2019\/02\/index-150x150.jpg 150w\" sizes=\"auto, (max-width: 201px) 100vw, 201px\" \/><\/figure><\/div>\n\n\n\n<p>Der au\u00dferordentliche missio-Sonntag, den wir in unserer  Gesamtkirchengemeinde nach vier Jahren wieder turnusgem\u00e4\u00df am 16.\/17.  Februar 2019 begehen, will in den Gemeinden unserer  Di\u00f6zese das  missionarische und weltkirchliche Bewusstsein st\u00e4rken. Seit den fr\u00fchen  1980er Jahren fordert der Di\u00f6zesanrat der Di\u00f6zese  Rottenburg-Stuttgart  die \u00fcber 1000 Kirchengemeinden dazu auf, einmal  alle vier Jahre einen  au\u00dferordentlichen missio-Sonntag zu feiern.   <\/p>\n\n\n\n<!--more-->\n\n\n\n<p>Das Ziel ist es, die Verantwortung der Kirchengemeinden f\u00fcr die Weltkirche, ihre besondere Gemeindepartnerschaft und den Einsatz f\u00fcr die Armgemachten bzw. f\u00fcr gerechte Teilhabebedingungen in einer sich mehr und mehr globalisierenden Welt ins Bewusstsein zu rufen und zu vertiefen<strong>. <\/strong><\/p>\n\n\n\n<p>Simon Vaas, der f\u00fcr den weltkirchlichen Friedensdienst in den Jahren 2013 und 2014 in Mexiko t\u00e4tig war, wir in den Eucharistiefeiern am au\u00dferordentlichen missio-Sonntag das Evangelium auslegen.<\/p>\n","protected":false},"excerpt":{"rendered":"<p>Der au\u00dferordentliche missio-Sonntag, den wir in unserer Gesamtkirchengemeinde nach vier Jahren wieder turnusgem\u00e4\u00df am 16.\/17. Februar 2019 begehen, will in den Gemeinden unserer Di\u00f6zese das missionarische und weltkirchliche Bewusstsein st\u00e4rken. Seit den fr\u00fchen 1980er Jahren fordert der Di\u00f6zesanrat der Di\u00f6zese &hellip; <a href=\"https:\/\/www.sankturban.de\/?p=8002\">Weiterlesen <span class=\"meta-nav\">&rarr;<\/span><\/a><\/p>\n","protected":false},"author":31,"featured_media":0,"comment_status":"closed","ping_status":"open","sticky":false,"template":"","format":"standard","meta":{"footnotes":""},"categories":[8],"tags":[],"class_list":["post-8002","post","type-post","status-publish","format-standard","hentry","category-startseite"],"_links":{"self":[{"href":"https:\/\/www.sankturban.de\/index.php?rest_route=\/wp\/v2\/posts\/8002","targetHints":{"allow":["GET"]}}],"collection":[{"href":"https:\/\/www.sankturban.de\/index.php?rest_route=\/wp\/v2\/posts"}],"about":[{"href":"https:\/\/www.sankturban.de\/index.php?rest_route=\/wp\/v2\/types\/post"}],"author":[{"embeddable":true,"href":"https:\/\/www.sankturban.de\/index.php?rest_route=\/wp\/v2\/users\/31"}],"replies":[{"embeddable":true,"href":"https:\/\/www.sankturban.de\/index.php?rest_route=%2Fwp%2Fv2%2Fcomments&post=8002"}],"version-history":[{"count":2,"href":"https:\/\/www.sankturban.de\/index.php?rest_route=\/wp\/v2\/posts\/8002\/revisions"}],"predecessor-version":[{"id":8007,"href":"https:\/\/www.sankturban.de\/index.php?rest_route=\/wp\/v2\/posts\/8002\/revisions\/8007"}],"wp:attachment":[{"href":"https:\/\/www.sankturban.de\/index.php?rest_route=%2Fwp%2Fv2%2Fmedia&parent=8002"}],"wp:term":[{"taxonomy":"category","embeddable":true,"href":"https:\/\/www.sankturban.de\/index.php?rest_route=%2Fwp%2Fv2%2Fcategories&post=8002"},{"taxonomy":"post_tag","embeddable":true,"href":"https:\/\/www.sankturban.de\/index.php?rest_route=%2Fwp%2Fv2%2Ftags&post=8002"}],"curies":[{"name":"wp","href":"https:\/\/api.w.org\/{rel}","templated":true}]}}