{"id":7981,"date":"2019-01-31T18:45:25","date_gmt":"2019-01-31T17:45:25","guid":{"rendered":"https:\/\/www.sankturban.de\/?p=7981"},"modified":"2019-01-31T18:45:28","modified_gmt":"2019-01-31T17:45:28","slug":"st-franziskuskirche-ist-wieder-regelmaessig-geoeffnet","status":"publish","type":"post","link":"https:\/\/www.sankturban.de\/?p=7981","title":{"rendered":"St. Franziskuskirche ist wieder regelm\u00e4\u00dfig ge\u00f6ffnet"},"content":{"rendered":"\n<p>Zu folgenden Zeiten wird die Obert\u00fcrkheimer St. Franziskus-Kirche ab sofort in der Regel ge\u00f6ffnet sein:<\/p>\n\n\n\n<p><strong>Sonntag&nbsp;&nbsp; &nbsp;&nbsp;&nbsp;&nbsp;&nbsp;&nbsp;&nbsp;&nbsp;&nbsp;&nbsp;&nbsp; &nbsp;&nbsp;9.00 \u2013\n18.00 Uhr<\/strong><\/p>\n\n\n\n<p><strong>Montag&nbsp;&nbsp;&nbsp;&nbsp;&nbsp;&nbsp;&nbsp;&nbsp;&nbsp; &nbsp;&nbsp;&nbsp;&nbsp;&nbsp; \n&nbsp;9.00 \u2013 12.00 Uhr<\/strong><\/p>\n\n\n\n<p><strong>Dienstag&nbsp;&nbsp;&nbsp;&nbsp;&nbsp;&nbsp;&nbsp; &nbsp;&nbsp;&nbsp;&nbsp;&nbsp; 15.00\n\u2013 19.30 Uhr<\/strong><\/p>\n\n\n\n<p><strong>Mittwoch\n&nbsp;&nbsp;&nbsp;&nbsp;&nbsp;&nbsp; &nbsp;&nbsp;&nbsp;&nbsp;&nbsp; 10.00\n\u2013 17.00 Uhr&nbsp;&nbsp;&nbsp;&nbsp;&nbsp; <\/strong><\/p>\n\n\n\n<p><strong>Donnerstag&nbsp;&nbsp;&nbsp;&nbsp;&nbsp;&nbsp;&nbsp;&nbsp;  &nbsp;9.00 \u2013 17.00 Uhr<\/strong><\/p>\n\n\n\n<p><strong>Freitag&nbsp;&nbsp;&nbsp;&nbsp;&nbsp;&nbsp;&nbsp;&nbsp;&nbsp;&nbsp;&nbsp;&nbsp;&nbsp;&nbsp;&nbsp;&nbsp;  &nbsp;9.00 \u2013 18.00 Uhr<\/strong><\/p>\n\n\n\n<p><strong>Samstag&nbsp;&nbsp;&nbsp;&nbsp;&nbsp;&nbsp;&nbsp; &nbsp;&nbsp;&nbsp;&nbsp;&nbsp; 10.00\n\u2013 12.00 Uhr<\/strong><\/p>\n","protected":false},"excerpt":{"rendered":"<p>Zu folgenden Zeiten wird die Obert\u00fcrkheimer St. Franziskus-Kirche ab sofort in der Regel ge\u00f6ffnet sein: Sonntag&nbsp;&nbsp; &nbsp;&nbsp;&nbsp;&nbsp;&nbsp;&nbsp;&nbsp;&nbsp;&nbsp;&nbsp;&nbsp; &nbsp;&nbsp;9.00 \u2013 18.00 Uhr Montag&nbsp;&nbsp;&nbsp;&nbsp;&nbsp;&nbsp;&nbsp;&nbsp;&nbsp; &nbsp;&nbsp;&nbsp;&nbsp;&nbsp; &nbsp;9.00 \u2013 12.00 Uhr Dienstag&nbsp;&nbsp;&nbsp;&nbsp;&nbsp;&nbsp;&nbsp; &nbsp;&nbsp;&nbsp;&nbsp;&nbsp; 15.00 \u2013 19.30 Uhr Mittwoch &nbsp;&nbsp;&nbsp;&nbsp;&nbsp;&nbsp; &nbsp;&nbsp;&nbsp;&nbsp;&nbsp; 10.00 \u2013 17.00 Uhr&nbsp;&nbsp;&nbsp;&nbsp;&nbsp; &hellip; <a href=\"https:\/\/www.sankturban.de\/?p=7981\">Weiterlesen <span class=\"meta-nav\">&rarr;<\/span><\/a><\/p>\n","protected":false},"author":31,"featured_media":0,"comment_status":"closed","ping_status":"open","sticky":false,"template":"","format":"standard","meta":{"footnotes":""},"categories":[67,5],"tags":[],"class_list":["post-7981","post","type-post","status-publish","format-standard","hentry","category-news","category-st-franziskus"],"_links":{"self":[{"href":"https:\/\/www.sankturban.de\/index.php?rest_route=\/wp\/v2\/posts\/7981","targetHints":{"allow":["GET"]}}],"collection":[{"href":"https:\/\/www.sankturban.de\/index.php?rest_route=\/wp\/v2\/posts"}],"about":[{"href":"https:\/\/www.sankturban.de\/index.php?rest_route=\/wp\/v2\/types\/post"}],"author":[{"embeddable":true,"href":"https:\/\/www.sankturban.de\/index.php?rest_route=\/wp\/v2\/users\/31"}],"replies":[{"embeddable":true,"href":"https:\/\/www.sankturban.de\/index.php?rest_route=%2Fwp%2Fv2%2Fcomments&post=7981"}],"version-history":[{"count":1,"href":"https:\/\/www.sankturban.de\/index.php?rest_route=\/wp\/v2\/posts\/7981\/revisions"}],"predecessor-version":[{"id":7982,"href":"https:\/\/www.sankturban.de\/index.php?rest_route=\/wp\/v2\/posts\/7981\/revisions\/7982"}],"wp:attachment":[{"href":"https:\/\/www.sankturban.de\/index.php?rest_route=%2Fwp%2Fv2%2Fmedia&parent=7981"}],"wp:term":[{"taxonomy":"category","embeddable":true,"href":"https:\/\/www.sankturban.de\/index.php?rest_route=%2Fwp%2Fv2%2Fcategories&post=7981"},{"taxonomy":"post_tag","embeddable":true,"href":"https:\/\/www.sankturban.de\/index.php?rest_route=%2Fwp%2Fv2%2Ftags&post=7981"}],"curies":[{"name":"wp","href":"https:\/\/api.w.org\/{rel}","templated":true}]}}