{"id":7918,"date":"2019-01-29T21:41:50","date_gmt":"2019-01-29T20:41:50","guid":{"rendered":"https:\/\/www.sankturban.de\/?p=7918"},"modified":"2020-11-17T15:37:18","modified_gmt":"2020-11-17T14:37:18","slug":"meine-augen-haben-das-heil-gesehen","status":"publish","type":"post","link":"https:\/\/www.sankturban.de\/?p=7918","title":{"rendered":"&#8222;Meine Augen haben das Heil gesehen!&#8220;"},"content":{"rendered":"\n<div class=\"wp-block-image\"><figure class=\"alignleft is-resized\"><img loading=\"lazy\" decoding=\"async\" src=\"https:\/\/www.pfarrbriefservice.de\/sites\/default\/files\/styles\/gridbox_teaser\/public\/atoms\/image\/candles-2903063_by_fietzfotos_cc0-gemeinfrei_pixabay_pfarrbriefservice.jpg?itok=HDMdncuY\" alt=\"Entz\u00fcndete Gebetskerzen\" width=\"355\" height=\"236\"\/><\/figure><\/div>\n\n\n\n<p>Am 2. Februar feiert  weihnachtliches Fest, das aber  au\u00dferhalb des Weihnachtsfestkreises liegt und somit 40 Tage nach dem  Hochfest Geburt des Herrn (25. Dezember) gefeiert wird: Das Fest der  Darstellung des Herrn, im Volksmund auch &#8222;Maria Lichtmess&#8220; genannt.  Der  zeitliche Abstand zur Geburt Jesu kommt von dem j\u00fcdischen Gesetz,  dass  das Reinigungsopfer der Mutter 40 Tage nach der Geburt eines Jungen   vorsah. Hinzu kam die Pflicht der Ausl\u00f6sung des Erstgeborenen durch ein   Geldopfer: \u00bbDann kam f\u00fcr sie der Tag der vom Gesetz des Mose   vorgeschriebenen Reinigung. Sie brachten das Kind nach Jerusalem hinauf,  um es dem Herrn zu weihen, gem\u00e4\u00df dem Gesetz des Herrn, in dem es hei\u00dft:  Jede m\u00e4nnliche Erstgeburt soll dem Herrn geweiht sein. Auch wollten sie  ihr Opfer darbringen, wie es das Gesetz des Herrn vorschreibt: ein Paar  Turteltauben oder zwei junge Tauben\u00ab (Lk 2, 22\u201324).  <\/p>\n\n\n\n<!--more-->\n\n\n\n<p> Die Heilige Schrift \u00fcberliefert die Worte Simeons \u00fcber seine  Begegnung im Tempel mit Jesus: &#8222;Denn meine Augen haben das Heil gesehen,  das du vor allen V\u00f6lkern bereitet hast, ein Licht, das die Heiden  erleuchtet, und Herrlichkeit f\u00fcr dein Volk Israel.&#8220; (Lk 2.30ff.) Auf  Grund dieser Worte werden an Maria Lichtmess Kerzen gesegnet.<br \/>In der  Gesamtkirchengemeinde St. Urban findet der Festgottesdienst zum Festtag  &#8222;Darstellung des Herrn&#8220; am Samstagabend um 18 Uhr in St. Johannes  Untert\u00fcrkheim statt. Kerzen k\u00f6nnen zur Segnung mitgebracht werden.<br \/>Eng verbunden mit Maria Lichtmess ist der Blasiussegen.<br \/>Blasius war Bischof und erlitt 316 das Martyrium. \u00dcber ihn wird berichtet, wie er w\u00e4hrend seiner Gefangenschaft  einem Mann, der an einer Fischgr\u00e4te zu ersticken drohte, das Leben  rettete. Deshalb erteilt die Kirche den Blasiussegen zum Schutz gegen  Krankheiten. Darin kommt das gl\u00e4ubige Vertrauen auf die Heilszusage  Gottes gerade auch f\u00fcr das leibliche Wohlergehen des  erl\u00f6sungsbed\u00fcrftigen Menschen zum Ausdruck. <br \/>Der Blasiussegen wir in allen Gottesdiensten am 2.\/3. Februar gespendet. <\/p>\n\n\n\n<p>(Bild: www.pfarrbriefservice.de)<\/p>\n\n\n\n<h2 class=\"wp-block-heading\"><\/h2>\n\n\n\n<p><\/p>\n","protected":false},"excerpt":{"rendered":"<p>Am 2. Februar feiert weihnachtliches Fest, das aber au\u00dferhalb des Weihnachtsfestkreises liegt und somit 40 Tage nach dem Hochfest Geburt des Herrn (25. Dezember) gefeiert wird: Das Fest der Darstellung des Herrn, im Volksmund auch &#8222;Maria Lichtmess&#8220; genannt. Der zeitliche &hellip; <a href=\"https:\/\/www.sankturban.de\/?p=7918\">Weiterlesen <span class=\"meta-nav\">&rarr;<\/span><\/a><\/p>\n","protected":false},"author":31,"featured_media":0,"comment_status":"closed","ping_status":"open","sticky":false,"template":"","format":"standard","meta":{"footnotes":""},"categories":[8],"tags":[],"class_list":["post-7918","post","type-post","status-publish","format-standard","hentry","category-startseite"],"_links":{"self":[{"href":"https:\/\/www.sankturban.de\/index.php?rest_route=\/wp\/v2\/posts\/7918","targetHints":{"allow":["GET"]}}],"collection":[{"href":"https:\/\/www.sankturban.de\/index.php?rest_route=\/wp\/v2\/posts"}],"about":[{"href":"https:\/\/www.sankturban.de\/index.php?rest_route=\/wp\/v2\/types\/post"}],"author":[{"embeddable":true,"href":"https:\/\/www.sankturban.de\/index.php?rest_route=\/wp\/v2\/users\/31"}],"replies":[{"embeddable":true,"href":"https:\/\/www.sankturban.de\/index.php?rest_route=%2Fwp%2Fv2%2Fcomments&post=7918"}],"version-history":[{"count":3,"href":"https:\/\/www.sankturban.de\/index.php?rest_route=\/wp\/v2\/posts\/7918\/revisions"}],"predecessor-version":[{"id":7921,"href":"https:\/\/www.sankturban.de\/index.php?rest_route=\/wp\/v2\/posts\/7918\/revisions\/7921"}],"wp:attachment":[{"href":"https:\/\/www.sankturban.de\/index.php?rest_route=%2Fwp%2Fv2%2Fmedia&parent=7918"}],"wp:term":[{"taxonomy":"category","embeddable":true,"href":"https:\/\/www.sankturban.de\/index.php?rest_route=%2Fwp%2Fv2%2Fcategories&post=7918"},{"taxonomy":"post_tag","embeddable":true,"href":"https:\/\/www.sankturban.de\/index.php?rest_route=%2Fwp%2Fv2%2Ftags&post=7918"}],"curies":[{"name":"wp","href":"https:\/\/api.w.org\/{rel}","templated":true}]}}