{"id":7907,"date":"2019-01-24T18:45:05","date_gmt":"2019-01-24T17:45:05","guid":{"rendered":"https:\/\/www.sankturban.de\/?p=7907"},"modified":"2019-03-13T22:47:05","modified_gmt":"2019-03-13T21:47:05","slug":"gemeindewallfahrt-2020-burgund","status":"publish","type":"post","link":"https:\/\/www.sankturban.de\/?p=7907","title":{"rendered":"Gemeindewallfahrt 2020: Burgund"},"content":{"rendered":"\n<p>Die n\u00e4chste Gemeindewallfahrt der Gesamtkirchengemeinde St. Urban wird im kommenden Jahr ins franz\u00f6sische Burgund f\u00fchren.<br \/><br \/>Als Reisezeitraum ist der 7. M\u00e4rz bis 14. M\u00e4rz 2020 geplant.<\/p>\n\n\n\n<p>N\u00e4here Informationen und Anmeldung dann ab Fr\u00fchsommer 2019.<\/p>\n\n\n\n<ul class=\"wp-block-list\"><li><a href=\"https:\/\/www.sankturban.de\/?page_id=5262\">Wallfahrten in der Gesamtkirchengemeinde St. Urban<\/a><\/li><\/ul>\n\n\n\n<p><br \/><\/p>\n","protected":false},"excerpt":{"rendered":"<p>Die n\u00e4chste Gemeindewallfahrt der Gesamtkirchengemeinde St. Urban wird im kommenden Jahr ins franz\u00f6sische Burgund f\u00fchren. Als Reisezeitraum ist der 7. M\u00e4rz bis 14. M\u00e4rz 2020 geplant. N\u00e4here Informationen und Anmeldung dann ab Fr\u00fchsommer 2019. Wallfahrten in der Gesamtkirchengemeinde St. Urban<\/p>\n","protected":false},"author":31,"featured_media":0,"comment_status":"closed","ping_status":"open","sticky":false,"template":"","format":"standard","meta":{"footnotes":""},"categories":[67],"tags":[],"class_list":["post-7907","post","type-post","status-publish","format-standard","hentry","category-news"],"_links":{"self":[{"href":"https:\/\/www.sankturban.de\/index.php?rest_route=\/wp\/v2\/posts\/7907","targetHints":{"allow":["GET"]}}],"collection":[{"href":"https:\/\/www.sankturban.de\/index.php?rest_route=\/wp\/v2\/posts"}],"about":[{"href":"https:\/\/www.sankturban.de\/index.php?rest_route=\/wp\/v2\/types\/post"}],"author":[{"embeddable":true,"href":"https:\/\/www.sankturban.de\/index.php?rest_route=\/wp\/v2\/users\/31"}],"replies":[{"embeddable":true,"href":"https:\/\/www.sankturban.de\/index.php?rest_route=%2Fwp%2Fv2%2Fcomments&post=7907"}],"version-history":[{"count":5,"href":"https:\/\/www.sankturban.de\/index.php?rest_route=\/wp\/v2\/posts\/7907\/revisions"}],"predecessor-version":[{"id":8030,"href":"https:\/\/www.sankturban.de\/index.php?rest_route=\/wp\/v2\/posts\/7907\/revisions\/8030"}],"wp:attachment":[{"href":"https:\/\/www.sankturban.de\/index.php?rest_route=%2Fwp%2Fv2%2Fmedia&parent=7907"}],"wp:term":[{"taxonomy":"category","embeddable":true,"href":"https:\/\/www.sankturban.de\/index.php?rest_route=%2Fwp%2Fv2%2Fcategories&post=7907"},{"taxonomy":"post_tag","embeddable":true,"href":"https:\/\/www.sankturban.de\/index.php?rest_route=%2Fwp%2Fv2%2Ftags&post=7907"}],"curies":[{"name":"wp","href":"https:\/\/api.w.org\/{rel}","templated":true}]}}