{"id":7902,"date":"2019-01-24T17:21:48","date_gmt":"2019-01-24T16:21:48","guid":{"rendered":"https:\/\/www.sankturban.de\/?p=7902"},"modified":"2020-11-17T15:37:23","modified_gmt":"2020-11-17T14:37:23","slug":"salesianer-laden-zum-don-bosco-fest","status":"publish","type":"post","link":"https:\/\/www.sankturban.de\/?p=7902","title":{"rendered":"Salesianer laden zum Don Bosco-Fest"},"content":{"rendered":"\n<p><\/p>\n\n\n\n<div class=\"wp-block-image\"><figure class=\"alignleft\"><img loading=\"lazy\" decoding=\"async\" width=\"172\" height=\"170\" src=\"https:\/\/www.sankturban.de\/wp-content\/uploads\/2019\/01\/don-bosco.png\" alt=\"\" class=\"wp-image-7904\"\/><\/figure><\/div>\n\n\n\n<p>Auch in diesem Jahr laden die Salesianer zum Don Bosco-Fest nach Obert\u00fcrkheim. Beginn ist am Samstag, 26. Januar, um 17 Uhr mit der Eucharistiefeier in St. Franziskus. Die Pr\u00e4digt h\u00e4lt P. Johannes Haas SDB aus Wien. <br \/>Im Anschluss findet auch in diesem Jahr wieder in der Turn- und Versammlungshalle (Im Dinkelacker 19) ein buntes Festprogramm statt, zu dem alle eingeladen sind, die sich den Salesianern und der Jugend der Stadt verbunden f\u00fchlen.<\/p>\n\n\n\n<!--more-->\n\n\n\n<p>Die Vorabendmesse in der Gesamtkirchengemeinde St. Urban um 18 Uhr entf\u00e4llt an diesem Samstag.<\/p>\n\n\n\n<ul class=\"wp-block-list\"><li><a href=\"http:\/\/www.donbosco-stuttgart.de\/\"> Salesianer in Stuttgart <\/a><\/li><\/ul>\n\n\n\n<p><\/p>\n\n\n\n<p><br \/><br \/><\/p>\n","protected":false},"excerpt":{"rendered":"<p>Auch in diesem Jahr laden die Salesianer zum Don Bosco-Fest nach Obert\u00fcrkheim. Beginn ist am Samstag, 26. Januar, um 17 Uhr mit der Eucharistiefeier in St. Franziskus. Die Pr\u00e4digt h\u00e4lt P. Johannes Haas SDB aus Wien. Im Anschluss findet auch &hellip; <a href=\"https:\/\/www.sankturban.de\/?p=7902\">Weiterlesen <span class=\"meta-nav\">&rarr;<\/span><\/a><\/p>\n","protected":false},"author":31,"featured_media":0,"comment_status":"closed","ping_status":"open","sticky":false,"template":"","format":"standard","meta":{"footnotes":""},"categories":[5,8],"tags":[],"class_list":["post-7902","post","type-post","status-publish","format-standard","hentry","category-st-franziskus","category-startseite"],"_links":{"self":[{"href":"https:\/\/www.sankturban.de\/index.php?rest_route=\/wp\/v2\/posts\/7902","targetHints":{"allow":["GET"]}}],"collection":[{"href":"https:\/\/www.sankturban.de\/index.php?rest_route=\/wp\/v2\/posts"}],"about":[{"href":"https:\/\/www.sankturban.de\/index.php?rest_route=\/wp\/v2\/types\/post"}],"author":[{"embeddable":true,"href":"https:\/\/www.sankturban.de\/index.php?rest_route=\/wp\/v2\/users\/31"}],"replies":[{"embeddable":true,"href":"https:\/\/www.sankturban.de\/index.php?rest_route=%2Fwp%2Fv2%2Fcomments&post=7902"}],"version-history":[{"count":3,"href":"https:\/\/www.sankturban.de\/index.php?rest_route=\/wp\/v2\/posts\/7902\/revisions"}],"predecessor-version":[{"id":7906,"href":"https:\/\/www.sankturban.de\/index.php?rest_route=\/wp\/v2\/posts\/7902\/revisions\/7906"}],"wp:attachment":[{"href":"https:\/\/www.sankturban.de\/index.php?rest_route=%2Fwp%2Fv2%2Fmedia&parent=7902"}],"wp:term":[{"taxonomy":"category","embeddable":true,"href":"https:\/\/www.sankturban.de\/index.php?rest_route=%2Fwp%2Fv2%2Fcategories&post=7902"},{"taxonomy":"post_tag","embeddable":true,"href":"https:\/\/www.sankturban.de\/index.php?rest_route=%2Fwp%2Fv2%2Ftags&post=7902"}],"curies":[{"name":"wp","href":"https:\/\/api.w.org\/{rel}","templated":true}]}}