{"id":7611,"date":"2018-10-24T15:33:29","date_gmt":"2018-10-24T14:33:29","guid":{"rendered":"https:\/\/www.sankturban.de\/?p=7611"},"modified":"2018-11-06T16:05:55","modified_gmt":"2018-11-06T15:05:55","slug":"menschliche-sterblichkeit-und-oesterliche-hoffnung","status":"publish","type":"post","link":"https:\/\/www.sankturban.de\/?p=7611","title":{"rendered":"Menschliche Sterblichkeit und \u00f6sterliche Hoffnung"},"content":{"rendered":"<p><img loading=\"lazy\" decoding=\"async\" class=\"alignleft wp-image-7612\" src=\"https:\/\/www.sankturban.de\/wp-content\/uploads\/2018\/10\/all-saints-2887463_by_geralt_cc0-gemeinfrei_pixabay_pfarrbriefservice.jpg\" alt=\"\" width=\"387\" height=\"258\" srcset=\"https:\/\/www.sankturban.de\/wp-content\/uploads\/2018\/10\/all-saints-2887463_by_geralt_cc0-gemeinfrei_pixabay_pfarrbriefservice.jpg 650w, https:\/\/www.sankturban.de\/wp-content\/uploads\/2018\/10\/all-saints-2887463_by_geralt_cc0-gemeinfrei_pixabay_pfarrbriefservice-300x200.jpg 300w\" sizes=\"auto, (max-width: 387px) 100vw, 387px\" \/>Am 1. November feiern auch die Katholiken in den Oberen Neckarvororten den Festtag Allerheiligen und am 2. November das Fest Allerseelen. Beide Tage sind zutiefst von der christlichen Hoffnung auf die Auferstehung der Toten gepr\u00e4gt. Bereits zum 25. Mal treffen sich in diesem Jahr Anfang November die Bewohnerinnen und Bewohner im Haus am Weinberg in Obert\u00fcrkheim zu einem Totengdenken im Rahmen eines \u00f6kumenischen Gottesdienstes.<!--more--><\/p>\n<p>In St. Franziskus\u00a0 und St. Christophorus wird am Donnerstag, 1. November, um 9.30 Uhr Eucharistie gefeiert, ebenso findet an Allerheiligen um 10.45 Uhr in St. Johannes und St. Markus eine Heilige Messe statt. In Hedelfingen schlie\u00dft sich an den Gottesdienst direkt der Gr\u00e4berbesuch auf den Friedh\u00f6fen in Hedelfingen und Rohracker an.<span id=\"more-5496\"><\/span> Jeweils um 15 Uhr an Allerheiligen finden dann nachmittags auf den Friedh\u00f6fen in Wangen und Untert\u00fcrkheim Andachten mit Gr\u00e4berbesuch statt.<\/p>\n<p>Am Festtag Allerseelen (Freitag, 2. November) gedenken die Katholiken ihren Verstorbenen und beten f\u00fcr sie:<\/p>\n<ul>\n<li>9.00 Uhr: Eucharistiefeier in St. Johannes<\/li>\n<li>16.00 Uhr: \u00d6kumenischer Gottesdienst mit Totengedenken (Haus am Weinberg)<\/li>\n<li>18.30 Uhr: Eucharistiefeier in St. Markus<\/li>\n<\/ul>\n<p>Herzliche Einladung zur Mitfeier und zum Gebet f\u00fcr unsere Verstorbenen!<\/p>\n<p>(Bild: www.pfarrbriefservice.de)<\/p>\n","protected":false},"excerpt":{"rendered":"<p>Am 1. November feiern auch die Katholiken in den Oberen Neckarvororten den Festtag Allerheiligen und am 2. November das Fest Allerseelen. Beide Tage sind zutiefst von der christlichen Hoffnung auf die Auferstehung der Toten gepr\u00e4gt. Bereits zum 25. Mal treffen &hellip; <a href=\"https:\/\/www.sankturban.de\/?p=7611\">Weiterlesen <span class=\"meta-nav\">&rarr;<\/span><\/a><\/p>\n","protected":false},"author":31,"featured_media":0,"comment_status":"closed","ping_status":"open","sticky":false,"template":"","format":"standard","meta":{"footnotes":""},"categories":[4,5,6,7,8],"tags":[],"class_list":["post-7611","post","type-post","status-publish","format-standard","hentry","category-st-christophorus","category-st-franziskus","category-st-johannes","category-st-markus","category-startseite"],"_links":{"self":[{"href":"https:\/\/www.sankturban.de\/index.php?rest_route=\/wp\/v2\/posts\/7611","targetHints":{"allow":["GET"]}}],"collection":[{"href":"https:\/\/www.sankturban.de\/index.php?rest_route=\/wp\/v2\/posts"}],"about":[{"href":"https:\/\/www.sankturban.de\/index.php?rest_route=\/wp\/v2\/types\/post"}],"author":[{"embeddable":true,"href":"https:\/\/www.sankturban.de\/index.php?rest_route=\/wp\/v2\/users\/31"}],"replies":[{"embeddable":true,"href":"https:\/\/www.sankturban.de\/index.php?rest_route=%2Fwp%2Fv2%2Fcomments&post=7611"}],"version-history":[{"count":4,"href":"https:\/\/www.sankturban.de\/index.php?rest_route=\/wp\/v2\/posts\/7611\/revisions"}],"predecessor-version":[{"id":7631,"href":"https:\/\/www.sankturban.de\/index.php?rest_route=\/wp\/v2\/posts\/7611\/revisions\/7631"}],"wp:attachment":[{"href":"https:\/\/www.sankturban.de\/index.php?rest_route=%2Fwp%2Fv2%2Fmedia&parent=7611"}],"wp:term":[{"taxonomy":"category","embeddable":true,"href":"https:\/\/www.sankturban.de\/index.php?rest_route=%2Fwp%2Fv2%2Fcategories&post=7611"},{"taxonomy":"post_tag","embeddable":true,"href":"https:\/\/www.sankturban.de\/index.php?rest_route=%2Fwp%2Fv2%2Ftags&post=7611"}],"curies":[{"name":"wp","href":"https:\/\/api.w.org\/{rel}","templated":true}]}}