{"id":7523,"date":"2018-09-19T11:18:23","date_gmt":"2018-09-19T10:18:23","guid":{"rendered":"https:\/\/www.sankturban.de\/?p=7523"},"modified":"2018-09-19T11:45:04","modified_gmt":"2018-09-19T10:45:04","slug":"bischof-fuerst-akribische-aufarbeitung-und-staerkung-der-praevention","status":"publish","type":"post","link":"https:\/\/www.sankturban.de\/?p=7523","title":{"rendered":"Bischof F\u00fcrst: Akribische Aufarbeitung und St\u00e4rkung der Pr\u00e4vention"},"content":{"rendered":"<p><a href=\"http:\/\/www.drs.de\/service\/presse\/a-akribische-aufarbeitung-und-staerkung-der-00006477.html\">Der Rottenburger Bischof Gebhard F\u00fcrst informiert \u00fcber Missbrauch, Aufarbeitung und Pr\u00e4vention.<\/a><\/p>\n","protected":false},"excerpt":{"rendered":"<p>Der Rottenburger Bischof Gebhard F\u00fcrst informiert \u00fcber Missbrauch, Aufarbeitung und Pr\u00e4vention.<\/p>\n","protected":false},"author":31,"featured_media":0,"comment_status":"closed","ping_status":"open","sticky":false,"template":"","format":"standard","meta":{"footnotes":""},"categories":[67],"tags":[],"class_list":["post-7523","post","type-post","status-publish","format-standard","hentry","category-news"],"_links":{"self":[{"href":"https:\/\/www.sankturban.de\/index.php?rest_route=\/wp\/v2\/posts\/7523","targetHints":{"allow":["GET"]}}],"collection":[{"href":"https:\/\/www.sankturban.de\/index.php?rest_route=\/wp\/v2\/posts"}],"about":[{"href":"https:\/\/www.sankturban.de\/index.php?rest_route=\/wp\/v2\/types\/post"}],"author":[{"embeddable":true,"href":"https:\/\/www.sankturban.de\/index.php?rest_route=\/wp\/v2\/users\/31"}],"replies":[{"embeddable":true,"href":"https:\/\/www.sankturban.de\/index.php?rest_route=%2Fwp%2Fv2%2Fcomments&post=7523"}],"version-history":[{"count":1,"href":"https:\/\/www.sankturban.de\/index.php?rest_route=\/wp\/v2\/posts\/7523\/revisions"}],"predecessor-version":[{"id":7524,"href":"https:\/\/www.sankturban.de\/index.php?rest_route=\/wp\/v2\/posts\/7523\/revisions\/7524"}],"wp:attachment":[{"href":"https:\/\/www.sankturban.de\/index.php?rest_route=%2Fwp%2Fv2%2Fmedia&parent=7523"}],"wp:term":[{"taxonomy":"category","embeddable":true,"href":"https:\/\/www.sankturban.de\/index.php?rest_route=%2Fwp%2Fv2%2Fcategories&post=7523"},{"taxonomy":"post_tag","embeddable":true,"href":"https:\/\/www.sankturban.de\/index.php?rest_route=%2Fwp%2Fv2%2Ftags&post=7523"}],"curies":[{"name":"wp","href":"https:\/\/api.w.org\/{rel}","templated":true}]}}