{"id":7521,"date":"2018-09-19T11:14:19","date_gmt":"2018-09-19T10:14:19","guid":{"rendered":"https:\/\/www.sankturban.de\/?p=7521"},"modified":"2018-09-19T11:14:19","modified_gmt":"2018-09-19T10:14:19","slug":"oekumenischer-gottesdienst-vater-unser","status":"publish","type":"post","link":"https:\/\/www.sankturban.de\/?p=7521","title":{"rendered":"\u00d6kumenischer Gottesdienst: Vater Unser"},"content":{"rendered":"<p>Am Sonntag<img loading=\"lazy\" decoding=\"async\" class=\"alignleft  wp-image-5350\" src=\"https:\/\/www.sankturban.de\/wp-content\/uploads\/2016\/09\/Logo-\u00d6kumene.jpg\" alt=\"\" width=\"215\" height=\"207\" srcset=\"https:\/\/www.sankturban.de\/wp-content\/uploads\/2016\/09\/Logo-\u00d6kumene.jpg 1048w, https:\/\/www.sankturban.de\/wp-content\/uploads\/2016\/09\/Logo-\u00d6kumene-300x288.jpg 300w, https:\/\/www.sankturban.de\/wp-content\/uploads\/2016\/09\/Logo-\u00d6kumene-1024x984.jpg 1024w\" sizes=\"auto, (max-width: 215px) 100vw, 215px\" \/>, 23. September, laden die evangelischen und katholischen Kirchengemeinden in Obert\u00fcrkheim und Uhlbach zu einem \u00f6kumenischen Gottesdienst ein.<br \/>\nBeginn ist um 9.30 Uhr in der Pfarrkirche St. Franziskus in Obert\u00fcrkheim.<br \/>\nBei diesem \u00f6kumenischen Gottesdienst wird esdas Gebet , dass die Christen aller Konfessionen verbindet, im Mittelpunkt stehen: Das Vater Unser.<br \/>\nIm Anschluss an den Gottesdienst sind alle zu einem St\u00e4nderling eingeladen.<!--more-->Herzliche Einladung zur Mitfeier!<\/p>\n","protected":false},"excerpt":{"rendered":"<p>Am Sonntag, 23. September, laden die evangelischen und katholischen Kirchengemeinden in Obert\u00fcrkheim und Uhlbach zu einem \u00f6kumenischen Gottesdienst ein. Beginn ist um 9.30 Uhr in der Pfarrkirche St. Franziskus in Obert\u00fcrkheim. Bei diesem \u00f6kumenischen Gottesdienst wird esdas Gebet , dass &hellip; <a href=\"https:\/\/www.sankturban.de\/?p=7521\">Weiterlesen <span class=\"meta-nav\">&rarr;<\/span><\/a><\/p>\n","protected":false},"author":31,"featured_media":0,"comment_status":"closed","ping_status":"open","sticky":false,"template":"","format":"standard","meta":{"footnotes":""},"categories":[5,8],"tags":[],"class_list":["post-7521","post","type-post","status-publish","format-standard","hentry","category-st-franziskus","category-startseite"],"_links":{"self":[{"href":"https:\/\/www.sankturban.de\/index.php?rest_route=\/wp\/v2\/posts\/7521","targetHints":{"allow":["GET"]}}],"collection":[{"href":"https:\/\/www.sankturban.de\/index.php?rest_route=\/wp\/v2\/posts"}],"about":[{"href":"https:\/\/www.sankturban.de\/index.php?rest_route=\/wp\/v2\/types\/post"}],"author":[{"embeddable":true,"href":"https:\/\/www.sankturban.de\/index.php?rest_route=\/wp\/v2\/users\/31"}],"replies":[{"embeddable":true,"href":"https:\/\/www.sankturban.de\/index.php?rest_route=%2Fwp%2Fv2%2Fcomments&post=7521"}],"version-history":[{"count":1,"href":"https:\/\/www.sankturban.de\/index.php?rest_route=\/wp\/v2\/posts\/7521\/revisions"}],"predecessor-version":[{"id":7522,"href":"https:\/\/www.sankturban.de\/index.php?rest_route=\/wp\/v2\/posts\/7521\/revisions\/7522"}],"wp:attachment":[{"href":"https:\/\/www.sankturban.de\/index.php?rest_route=%2Fwp%2Fv2%2Fmedia&parent=7521"}],"wp:term":[{"taxonomy":"category","embeddable":true,"href":"https:\/\/www.sankturban.de\/index.php?rest_route=%2Fwp%2Fv2%2Fcategories&post=7521"},{"taxonomy":"post_tag","embeddable":true,"href":"https:\/\/www.sankturban.de\/index.php?rest_route=%2Fwp%2Fv2%2Ftags&post=7521"}],"curies":[{"name":"wp","href":"https:\/\/api.w.org\/{rel}","templated":true}]}}