{"id":7273,"date":"2018-06-01T11:12:03","date_gmt":"2018-06-01T10:12:03","guid":{"rendered":"https:\/\/www.sankturban.de\/?p=7273"},"modified":"2018-06-04T20:47:35","modified_gmt":"2018-06-04T19:47:35","slug":"fronleichnam-feier-der-gegenwart-gottes","status":"publish","type":"post","link":"https:\/\/www.sankturban.de\/?p=7273","title":{"rendered":"Fronleichnam: Feier der Gegenwart Gottes"},"content":{"rendered":"<p>Mit ei<img loading=\"lazy\" decoding=\"async\" class=\"alignleft wp-image-7277\" src=\"https:\/\/www.sankturban.de\/wp-content\/uploads\/2018\/06\/Fronleichnam2018-1-1.jpg\" alt=\"\" width=\"197\" height=\"239\" srcset=\"https:\/\/www.sankturban.de\/wp-content\/uploads\/2018\/06\/Fronleichnam2018-1-1.jpg 1105w, https:\/\/www.sankturban.de\/wp-content\/uploads\/2018\/06\/Fronleichnam2018-1-1-247x300.jpg 247w, https:\/\/www.sankturban.de\/wp-content\/uploads\/2018\/06\/Fronleichnam2018-1-1-768x932.jpg 768w, https:\/\/www.sankturban.de\/wp-content\/uploads\/2018\/06\/Fronleichnam2018-1-1-844x1024.jpg 844w\" sizes=\"auto, (max-width: 197px) 100vw, 197px\" \/>nem feierlichen Gottesdienst haben hunderte Gl\u00e4ubige auf dem Schulhof des Lindenschulviertels am Fronleichnamstag miteinander Eucharistie gefeiert.<br \/>\nVon dort zog im Anschluss die festliche Prozession zur St. Chriostophoruskirche und dann weiter zum evangelischen Gemeindehaus in wangen.<br \/>\nMusikalisch begleitete der Jugendmusikzug der Freiwilligen Feuerwehr Stuttgart-Wangen die Feier.<br \/>\nIm Anschluss waren alle zu einem Mittagessen eingeladen. <!--more--><\/p>\n<p>Der diesj\u00e4hrige Festprediger, P. Daniel Stadtherr OP, betonte in seiner Ansprache, dass wir die Gegenwart Gottes in ganz unterschiedlichen Lebenssituationen erfahren d\u00fcrften &#8211; besonders in der Eucharistie. Dies sei das Geheimnis des christlichen Glauens, von dem bereits der Dominikaner Thomas von Aquin in einem bekannten Hymnus sagt: &#8222;Das Geheimnis lasst uns k\u00fcnden&#8220;.<\/p>\n<p><img loading=\"lazy\" decoding=\"async\" class=\"alignleft wp-image-7276\" src=\"https:\/\/www.sankturban.de\/wp-content\/uploads\/2018\/06\/fronleichnam-2018-2.jpg\" alt=\"\" width=\"617\" height=\"411\" srcset=\"https:\/\/www.sankturban.de\/wp-content\/uploads\/2018\/06\/fronleichnam-2018-2.jpg 2046w, https:\/\/www.sankturban.de\/wp-content\/uploads\/2018\/06\/fronleichnam-2018-2-300x200.jpg 300w, https:\/\/www.sankturban.de\/wp-content\/uploads\/2018\/06\/fronleichnam-2018-2-768x511.jpg 768w, https:\/\/www.sankturban.de\/wp-content\/uploads\/2018\/06\/fronleichnam-2018-2-1024x682.jpg 1024w, https:\/\/www.sankturban.de\/wp-content\/uploads\/2018\/06\/fronleichnam-2018-2-1320x879.jpg 1320w\" sizes=\"auto, (max-width: 617px) 100vw, 617px\" \/><\/p>\n<p>&nbsp;<\/p>\n<p>&nbsp;<\/p>\n<p>&nbsp;<\/p>\n<p>&nbsp;<\/p>\n<p>&nbsp;<\/p>\n<p>&nbsp;<\/p>\n<p>&nbsp;<\/p>\n<p>&nbsp;<\/p>\n<p>&nbsp;<\/p>\n<p>F\u00fcr den kunstvollen Blumenteppich war in diesem Jahr die Kirchengemeinde St. Johannes Untert\u00fcrkheim verantwortlich. F\u00fcr die Vorbereitung des Schulhofs zum Gottesdienst und des Gemeindezentrums sorgten Ehrenamtliche aus St. Franziskus Obert\u00fcrkheim und St. Christophorus aus Wangen. F\u00fcr das leibliche Wohl sorgten schlie\u00dflich zahlreiche flei\u00dfige H\u00e4nde aus St. Markus Hedelfingen.<\/p>\n<p>All den vielen, die auch in diesem Jahr zum Gelingen des festlichen Tags beigetragen haben, sei herzlich gedankt!<br \/>\nEin ganz besonderer Dank gilt der evangelischen Kirchengemeinde Stuttgart-Wangen, die uns auch in diesem Jahr wieder dankenswerterweise R\u00e4umlichkeiten zur Verf\u00fcgung gestellt hat.<br \/>\nEbenso vielen Dank dem Jugendmusikzug der Feuerwehr f\u00fcr die musikalische Begleitung des Festtags.<\/p>\n<p>(Fotos: Simon Lux, Roland Mandel, Karl G\u00e4lle.)<\/p>\n<div id='gallery-1' class='gallery galleryid-7273 gallery-columns-3 gallery-size-thumbnail'><dl class='gallery-item'>\n\t\t\t<dt class='gallery-icon portrait'>\n\t\t\t\t<a href='https:\/\/www.sankturban.de\/?attachment_id=7277'><img loading=\"lazy\" decoding=\"async\" width=\"150\" height=\"150\" src=\"https:\/\/www.sankturban.de\/wp-content\/uploads\/2018\/06\/Fronleichnam2018-1-1-150x150.jpg\" class=\"attachment-thumbnail size-thumbnail\" alt=\"\" aria-describedby=\"gallery-1-7277\" \/><\/a>\n\t\t\t<\/dt>\n\t\t\t\t<dd class='wp-caption-text gallery-caption' id='gallery-1-7277'>\n\t\t\t\tMit festlichen Liedern und Ges\u00e4ngen wurde der Gottesdienst gestaltet.\n\t\t\t\t<\/dd><\/dl><dl class='gallery-item'>\n\t\t\t<dt class='gallery-icon landscape'>\n\t\t\t\t<a href='https:\/\/www.sankturban.de\/?attachment_id=7282'><img loading=\"lazy\" decoding=\"async\" width=\"150\" height=\"150\" src=\"https:\/\/www.sankturban.de\/wp-content\/uploads\/2018\/06\/DSC03636-150x150.jpg\" class=\"attachment-thumbnail size-thumbnail\" alt=\"\" aria-describedby=\"gallery-1-7282\" \/><\/a>\n\t\t\t<\/dt>\n\t\t\t\t<dd class='wp-caption-text gallery-caption' id='gallery-1-7282'>\n\t\t\t\tHunderte Gl\u00e4ubige feiern an Fronleichnam die Hl. Messe.\n\t\t\t\t<\/dd><\/dl><dl class='gallery-item'>\n\t\t\t<dt class='gallery-icon landscape'>\n\t\t\t\t<a href='https:\/\/www.sankturban.de\/?attachment_id=7312'><img loading=\"lazy\" decoding=\"async\" width=\"150\" height=\"150\" src=\"https:\/\/www.sankturban.de\/wp-content\/uploads\/2018\/06\/P1030432a-150x150.jpg\" class=\"attachment-thumbnail size-thumbnail\" alt=\"\" \/><\/a>\n\t\t\t<\/dt><\/dl><br style=\"clear: both\" \/><dl class='gallery-item'>\n\t\t\t<dt class='gallery-icon portrait'>\n\t\t\t\t<a href='https:\/\/www.sankturban.de\/?attachment_id=7311'><img loading=\"lazy\" decoding=\"async\" width=\"150\" height=\"150\" src=\"https:\/\/www.sankturban.de\/wp-content\/uploads\/2018\/06\/P1030425a-150x150.jpg\" class=\"attachment-thumbnail size-thumbnail\" alt=\"\" \/><\/a>\n\t\t\t<\/dt><\/dl><dl class='gallery-item'>\n\t\t\t<dt class='gallery-icon portrait'>\n\t\t\t\t<a href='https:\/\/www.sankturban.de\/?attachment_id=7281'><img loading=\"lazy\" decoding=\"async\" width=\"150\" height=\"150\" src=\"https:\/\/www.sankturban.de\/wp-content\/uploads\/2018\/06\/DSC03621-150x150.jpg\" class=\"attachment-thumbnail size-thumbnail\" alt=\"\" aria-describedby=\"gallery-1-7281\" \/><\/a>\n\t\t\t<\/dt>\n\t\t\t\t<dd class='wp-caption-text gallery-caption' id='gallery-1-7281'>\n\t\t\t\tP. Daniel Stadtherr OP predigt.\n\t\t\t\t<\/dd><\/dl><dl class='gallery-item'>\n\t\t\t<dt class='gallery-icon landscape'>\n\t\t\t\t<a href='https:\/\/www.sankturban.de\/?attachment_id=7295'><img loading=\"lazy\" decoding=\"async\" width=\"150\" height=\"150\" src=\"https:\/\/www.sankturban.de\/wp-content\/uploads\/2018\/06\/DSC03629a1-150x150.jpg\" class=\"attachment-thumbnail size-thumbnail\" alt=\"\" aria-describedby=\"gallery-1-7295\" \/><\/a>\n\t\t\t<\/dt>\n\t\t\t\t<dd class='wp-caption-text gallery-caption' id='gallery-1-7295'>\n\t\t\t\tDer Wormser Dominikanerpater spricht zu den Gl\u00e4ubigen.\n\t\t\t\t<\/dd><\/dl><br style=\"clear: both\" \/><dl class='gallery-item'>\n\t\t\t<dt class='gallery-icon landscape'>\n\t\t\t\t<a href='https:\/\/www.sankturban.de\/?attachment_id=7313'><img loading=\"lazy\" decoding=\"async\" width=\"150\" height=\"150\" src=\"https:\/\/www.sankturban.de\/wp-content\/uploads\/2018\/06\/P1030451b-150x150.jpg\" class=\"attachment-thumbnail size-thumbnail\" alt=\"\" \/><\/a>\n\t\t\t<\/dt><\/dl><dl class='gallery-item'>\n\t\t\t<dt class='gallery-icon portrait'>\n\t\t\t\t<a href='https:\/\/www.sankturban.de\/?attachment_id=7314'><img loading=\"lazy\" decoding=\"async\" width=\"150\" height=\"150\" src=\"https:\/\/www.sankturban.de\/wp-content\/uploads\/2018\/06\/P1030455a-150x150.jpg\" class=\"attachment-thumbnail size-thumbnail\" alt=\"\" \/><\/a>\n\t\t\t<\/dt><\/dl><dl class='gallery-item'>\n\t\t\t<dt class='gallery-icon landscape'>\n\t\t\t\t<a href='https:\/\/www.sankturban.de\/?attachment_id=7297'><img loading=\"lazy\" decoding=\"async\" width=\"150\" height=\"150\" src=\"https:\/\/www.sankturban.de\/wp-content\/uploads\/2018\/06\/DSC03653a-150x150.jpg\" class=\"attachment-thumbnail size-thumbnail\" alt=\"\" aria-describedby=\"gallery-1-7297\" \/><\/a>\n\t\t\t<\/dt>\n\t\t\t\t<dd class='wp-caption-text gallery-caption' id='gallery-1-7297'>\n\t\t\t\t&#8222;Deinen Tod, o Herr, verk\u00fcnden wir und Deine Auferstehung preisen wir&#8230;&#8220; \n\t\t\t\t<\/dd><\/dl><br style=\"clear: both\" \/><dl class='gallery-item'>\n\t\t\t<dt class='gallery-icon landscape'>\n\t\t\t\t<a href='https:\/\/www.sankturban.de\/?attachment_id=7293'><img loading=\"lazy\" decoding=\"async\" width=\"150\" height=\"150\" src=\"https:\/\/www.sankturban.de\/wp-content\/uploads\/2018\/06\/DSC03662a-150x150.jpg\" class=\"attachment-thumbnail size-thumbnail\" alt=\"\" aria-describedby=\"gallery-1-7293\" \/><\/a>\n\t\t\t<\/dt>\n\t\t\t\t<dd class='wp-caption-text gallery-caption' id='gallery-1-7293'>\n\t\t\t\tDie Eucharistie im Mittelpunkt.\n\t\t\t\t<\/dd><\/dl><dl class='gallery-item'>\n\t\t\t<dt class='gallery-icon landscape'>\n\t\t\t\t<a href='https:\/\/www.sankturban.de\/?attachment_id=7291'><img loading=\"lazy\" decoding=\"async\" width=\"150\" height=\"150\" src=\"https:\/\/www.sankturban.de\/wp-content\/uploads\/2018\/06\/DSC03680a-150x150.jpg\" class=\"attachment-thumbnail size-thumbnail\" alt=\"\" aria-describedby=\"gallery-1-7291\" \/><\/a>\n\t\t\t<\/dt>\n\t\t\t\t<dd class='wp-caption-text gallery-caption' id='gallery-1-7291'>\n\t\t\t\tEin \u00f6ffentliches Bekenntnis zum Glauben.\n\t\t\t\t<\/dd><\/dl><dl class='gallery-item'>\n\t\t\t<dt class='gallery-icon landscape'>\n\t\t\t\t<a href='https:\/\/www.sankturban.de\/?attachment_id=7315'><img loading=\"lazy\" decoding=\"async\" width=\"150\" height=\"150\" src=\"https:\/\/www.sankturban.de\/wp-content\/uploads\/2018\/06\/P1030469a-150x150.jpg\" class=\"attachment-thumbnail size-thumbnail\" alt=\"\" \/><\/a>\n\t\t\t<\/dt><\/dl><br style=\"clear: both\" \/><dl class='gallery-item'>\n\t\t\t<dt class='gallery-icon landscape'>\n\t\t\t\t<a href='https:\/\/www.sankturban.de\/?attachment_id=7316'><img loading=\"lazy\" decoding=\"async\" width=\"150\" height=\"150\" src=\"https:\/\/www.sankturban.de\/wp-content\/uploads\/2018\/06\/P1030475a-150x150.jpg\" class=\"attachment-thumbnail size-thumbnail\" alt=\"\" \/><\/a>\n\t\t\t<\/dt><\/dl><dl class='gallery-item'>\n\t\t\t<dt class='gallery-icon landscape'>\n\t\t\t\t<a href='https:\/\/www.sankturban.de\/?attachment_id=7307'><img loading=\"lazy\" decoding=\"async\" width=\"150\" height=\"150\" src=\"https:\/\/www.sankturban.de\/wp-content\/uploads\/2018\/06\/DSC03690a-150x150.jpg\" class=\"attachment-thumbnail size-thumbnail\" alt=\"\" aria-describedby=\"gallery-1-7307\" \/><\/a>\n\t\t\t<\/dt>\n\t\t\t\t<dd class='wp-caption-text gallery-caption' id='gallery-1-7307'>\n\t\t\t\tDas Allerheiligste bildet das Zentrum der Prozession.\n\t\t\t\t<\/dd><\/dl><dl class='gallery-item'>\n\t\t\t<dt class='gallery-icon landscape'>\n\t\t\t\t<a href='https:\/\/www.sankturban.de\/?attachment_id=7308'><img loading=\"lazy\" decoding=\"async\" width=\"150\" height=\"150\" src=\"https:\/\/www.sankturban.de\/wp-content\/uploads\/2018\/06\/DSC03688a-150x150.jpg\" class=\"attachment-thumbnail size-thumbnail\" alt=\"\" \/><\/a>\n\t\t\t<\/dt><\/dl><br style=\"clear: both\" \/><dl class='gallery-item'>\n\t\t\t<dt class='gallery-icon landscape'>\n\t\t\t\t<a href='https:\/\/www.sankturban.de\/?attachment_id=7276'><img loading=\"lazy\" decoding=\"async\" width=\"150\" height=\"150\" src=\"https:\/\/www.sankturban.de\/wp-content\/uploads\/2018\/06\/fronleichnam-2018-2-150x150.jpg\" class=\"attachment-thumbnail size-thumbnail\" alt=\"\" aria-describedby=\"gallery-1-7276\" \/><\/a>\n\t\t\t<\/dt>\n\t\t\t\t<dd class='wp-caption-text gallery-caption' id='gallery-1-7276'>\n\t\t\t\tEiner der zwei Stationsalt\u00e4re.\n\t\t\t\t<\/dd><\/dl><dl class='gallery-item'>\n\t\t\t<dt class='gallery-icon landscape'>\n\t\t\t\t<a href='https:\/\/www.sankturban.de\/?attachment_id=7305'><img loading=\"lazy\" decoding=\"async\" width=\"150\" height=\"150\" src=\"https:\/\/www.sankturban.de\/wp-content\/uploads\/2018\/06\/musikzugb-150x150.jpg\" class=\"attachment-thumbnail size-thumbnail\" alt=\"\" aria-describedby=\"gallery-1-7305\" \/><\/a>\n\t\t\t<\/dt>\n\t\t\t\t<dd class='wp-caption-text gallery-caption' id='gallery-1-7305'>\n\t\t\t\tDer Musikzug der Feuerewehr Stuttgart-Wangen begleitet den festlichen Zug.\n\t\t\t\t<\/dd><\/dl><dl class='gallery-item'>\n\t\t\t<dt class='gallery-icon landscape'>\n\t\t\t\t<a href='https:\/\/www.sankturban.de\/?attachment_id=7317'><img loading=\"lazy\" decoding=\"async\" width=\"150\" height=\"150\" src=\"https:\/\/www.sankturban.de\/wp-content\/uploads\/2018\/06\/P1030494a-150x150.jpg\" class=\"attachment-thumbnail size-thumbnail\" alt=\"\" \/><\/a>\n\t\t\t<\/dt><\/dl><br style=\"clear: both\" \/><dl class='gallery-item'>\n\t\t\t<dt class='gallery-icon landscape'>\n\t\t\t\t<a href='https:\/\/www.sankturban.de\/?attachment_id=7284'><img loading=\"lazy\" decoding=\"async\" width=\"150\" height=\"150\" src=\"https:\/\/www.sankturban.de\/wp-content\/uploads\/2018\/06\/DSC03707-150x150.jpg\" class=\"attachment-thumbnail size-thumbnail\" alt=\"\" aria-describedby=\"gallery-1-7284\" \/><\/a>\n\t\t\t<\/dt>\n\t\t\t\t<dd class='wp-caption-text gallery-caption' id='gallery-1-7284'>\n\t\t\t\tDer Blumenteppich zeigt den Auferstandenen.\n\t\t\t\t<\/dd><\/dl><dl class='gallery-item'>\n\t\t\t<dt class='gallery-icon landscape'>\n\t\t\t\t<a href='https:\/\/www.sankturban.de\/?attachment_id=7285'><img loading=\"lazy\" decoding=\"async\" width=\"150\" height=\"150\" src=\"https:\/\/www.sankturban.de\/wp-content\/uploads\/2018\/06\/DSC03709-150x150.jpg\" class=\"attachment-thumbnail size-thumbnail\" alt=\"\" aria-describedby=\"gallery-1-7285\" \/><\/a>\n\t\t\t<\/dt>\n\t\t\t\t<dd class='wp-caption-text gallery-caption' id='gallery-1-7285'>\n\t\t\t\tAuch zahlreiche Ministranten aus allen vier Kirchengemeinden feiern mit.\n\t\t\t\t<\/dd><\/dl><dl class='gallery-item'>\n\t\t\t<dt class='gallery-icon landscape'>\n\t\t\t\t<a href='https:\/\/www.sankturban.de\/?attachment_id=7286'><img loading=\"lazy\" decoding=\"async\" width=\"150\" height=\"150\" src=\"https:\/\/www.sankturban.de\/wp-content\/uploads\/2018\/06\/DSC03711-150x150.jpg\" class=\"attachment-thumbnail size-thumbnail\" alt=\"\" aria-describedby=\"gallery-1-7286\" \/><\/a>\n\t\t\t<\/dt>\n\t\t\t\t<dd class='wp-caption-text gallery-caption' id='gallery-1-7286'>\n\t\t\t\tEucharistischer Segen vor St. Christophorus.\n\t\t\t\t<\/dd><\/dl><br style=\"clear: both\" \/><dl class='gallery-item'>\n\t\t\t<dt class='gallery-icon landscape'>\n\t\t\t\t<a href='https:\/\/www.sankturban.de\/?attachment_id=7287'><img loading=\"lazy\" decoding=\"async\" width=\"150\" height=\"150\" src=\"https:\/\/www.sankturban.de\/wp-content\/uploads\/2018\/06\/DSC03717-150x150.jpg\" class=\"attachment-thumbnail size-thumbnail\" alt=\"\" aria-describedby=\"gallery-1-7287\" \/><\/a>\n\t\t\t<\/dt>\n\t\t\t\t<dd class='wp-caption-text gallery-caption' id='gallery-1-7287'>\n\t\t\t\tSingend und betend zog die Prozession durch die Stra\u00dfen.\n\t\t\t\t<\/dd><\/dl><dl class='gallery-item'>\n\t\t\t<dt class='gallery-icon portrait'>\n\t\t\t\t<a href='https:\/\/www.sankturban.de\/?attachment_id=7318'><img loading=\"lazy\" decoding=\"async\" width=\"150\" height=\"150\" src=\"https:\/\/www.sankturban.de\/wp-content\/uploads\/2018\/06\/P1030496a-150x150.jpg\" class=\"attachment-thumbnail size-thumbnail\" alt=\"\" \/><\/a>\n\t\t\t<\/dt><\/dl><dl class='gallery-item'>\n\t\t\t<dt class='gallery-icon landscape'>\n\t\t\t\t<a href='https:\/\/www.sankturban.de\/?attachment_id=7288'><img loading=\"lazy\" decoding=\"async\" width=\"150\" height=\"150\" src=\"https:\/\/www.sankturban.de\/wp-content\/uploads\/2018\/06\/index-150x150.jpg\" class=\"attachment-thumbnail size-thumbnail\" alt=\"\" aria-describedby=\"gallery-1-7288\" \/><\/a>\n\t\t\t<\/dt>\n\t\t\t\t<dd class='wp-caption-text gallery-caption' id='gallery-1-7288'>\n\t\t\t\tStationsaltar am evangelischen Gemeindehaus in Wangen.\n\t\t\t\t<\/dd><\/dl><br style=\"clear: both\" \/>\n\t\t<\/div>\n\n<p><em>\u00a0<\/em><\/p>\n","protected":false},"excerpt":{"rendered":"<p>Mit einem feierlichen Gottesdienst haben hunderte Gl\u00e4ubige auf dem Schulhof des Lindenschulviertels am Fronleichnamstag miteinander Eucharistie gefeiert. Von dort zog im Anschluss die festliche Prozession zur St. Chriostophoruskirche und dann weiter zum evangelischen Gemeindehaus in wangen. Musikalisch begleitete der Jugendmusikzug &hellip; <a href=\"https:\/\/www.sankturban.de\/?p=7273\">Weiterlesen <span class=\"meta-nav\">&rarr;<\/span><\/a><\/p>\n","protected":false},"author":31,"featured_media":0,"comment_status":"closed","ping_status":"open","sticky":false,"template":"","format":"standard","meta":{"footnotes":""},"categories":[8],"tags":[],"class_list":["post-7273","post","type-post","status-publish","format-standard","hentry","category-startseite"],"_links":{"self":[{"href":"https:\/\/www.sankturban.de\/index.php?rest_route=\/wp\/v2\/posts\/7273","targetHints":{"allow":["GET"]}}],"collection":[{"href":"https:\/\/www.sankturban.de\/index.php?rest_route=\/wp\/v2\/posts"}],"about":[{"href":"https:\/\/www.sankturban.de\/index.php?rest_route=\/wp\/v2\/types\/post"}],"author":[{"embeddable":true,"href":"https:\/\/www.sankturban.de\/index.php?rest_route=\/wp\/v2\/users\/31"}],"replies":[{"embeddable":true,"href":"https:\/\/www.sankturban.de\/index.php?rest_route=%2Fwp%2Fv2%2Fcomments&post=7273"}],"version-history":[{"count":15,"href":"https:\/\/www.sankturban.de\/index.php?rest_route=\/wp\/v2\/posts\/7273\/revisions"}],"predecessor-version":[{"id":8339,"href":"https:\/\/www.sankturban.de\/index.php?rest_route=\/wp\/v2\/posts\/7273\/revisions\/8339"}],"wp:attachment":[{"href":"https:\/\/www.sankturban.de\/index.php?rest_route=%2Fwp%2Fv2%2Fmedia&parent=7273"}],"wp:term":[{"taxonomy":"category","embeddable":true,"href":"https:\/\/www.sankturban.de\/index.php?rest_route=%2Fwp%2Fv2%2Fcategories&post=7273"},{"taxonomy":"post_tag","embeddable":true,"href":"https:\/\/www.sankturban.de\/index.php?rest_route=%2Fwp%2Fv2%2Ftags&post=7273"}],"curies":[{"name":"wp","href":"https:\/\/api.w.org\/{rel}","templated":true}]}}