{"id":6965,"date":"2019-03-02T17:09:32","date_gmt":"2019-03-02T16:09:32","guid":{"rendered":"http:\/\/www.sankturban.de\/?p=6965"},"modified":"2019-03-02T22:26:44","modified_gmt":"2019-03-02T21:26:44","slug":"oesterliche-busszeit-beginnt-an-aschermittwoch","status":"publish","type":"post","link":"https:\/\/www.sankturban.de\/?p=6965","title":{"rendered":"\u00d6sterliche Bu\u00dfzeit beginnt am Aschermittwoch"},"content":{"rendered":"<div class=\"entry-content\">\n<div>\n<p><img loading=\"lazy\" decoding=\"async\" class=\"alignleft wp-image-6966\" src=\"https:\/\/www.sankturban.de\/wp-content\/uploads\/2018\/02\/in-640516_by_debowscyfoto_cc0-gemeinfrei_pixabay_pfarrbriefservice.jpg\" alt=\"\" width=\"250\" height=\"167\" srcset=\"https:\/\/www.sankturban.de\/wp-content\/uploads\/2018\/02\/in-640516_by_debowscyfoto_cc0-gemeinfrei_pixabay_pfarrbriefservice.jpg 650w, https:\/\/www.sankturban.de\/wp-content\/uploads\/2018\/02\/in-640516_by_debowscyfoto_cc0-gemeinfrei_pixabay_pfarrbriefservice-300x200.jpg 300w\" sizes=\"auto, (max-width: 250px) 100vw, 250px\" \/>Aschermittwoch: Der Tag, an dem das n\u00e4rrische Treiben vorbei ist, markiert zugleich den Beginn der Fastenzeit.<br \/>\nDie \u00d6sterliche Bu\u00dfzeit beginnt am Aschermittwoch und endet mit der Karwoche. Sie umfasst 40 Tage und soll an die 40 Tage erinnern, die Jesus in der W\u00fcste verbracht hat.<span id=\"more-4739\"><\/span><br \/>\nAuch in unseren Pfarrkirchen finden an <a href=\"http:\/\/www.katholisch.de\/glaube\/unser-kirchenjahr\/bedenke-dass-du-staub-bist\">Aschermittwoch<\/a> Gottesdienste zu Beginn dieser Zeit der Vorbereitung auf das Osterfest statt. In den Messfeiern wird den Mitfeiernden das Aschenkreuz aufgelegt.<\/p>\n<\/div>\n<\/div>\n<p><!--more--><strong>Aschermittwoch, 6. M\u00e4rz 2019<br \/>\n<\/strong><\/p>\n<ul>\n<li>9.00 Uhr St. Christophorus: Eucharistiefeier mit Auflegung des Aschenkreuzes<\/li>\n<li>18.30 Uhr St. Johannes: Eucharistiefeier mit Auflegung des Aschenkreuzes<\/li>\n<\/ul>\n<p>Herzlich Einladung zur Mitfeier!<\/p>\n","protected":false},"excerpt":{"rendered":"<p>Aschermittwoch: Der Tag, an dem das n\u00e4rrische Treiben vorbei ist, markiert zugleich den Beginn der Fastenzeit. Die \u00d6sterliche Bu\u00dfzeit beginnt am Aschermittwoch und endet mit der Karwoche. Sie umfasst 40 Tage und soll an die 40 Tage erinnern, die Jesus &hellip; <a href=\"https:\/\/www.sankturban.de\/?p=6965\">Weiterlesen <span class=\"meta-nav\">&rarr;<\/span><\/a><\/p>\n","protected":false},"author":31,"featured_media":0,"comment_status":"closed","ping_status":"open","sticky":false,"template":"","format":"standard","meta":{"footnotes":""},"categories":[8],"tags":[],"class_list":["post-6965","post","type-post","status-publish","format-standard","hentry","category-startseite"],"_links":{"self":[{"href":"https:\/\/www.sankturban.de\/index.php?rest_route=\/wp\/v2\/posts\/6965","targetHints":{"allow":["GET"]}}],"collection":[{"href":"https:\/\/www.sankturban.de\/index.php?rest_route=\/wp\/v2\/posts"}],"about":[{"href":"https:\/\/www.sankturban.de\/index.php?rest_route=\/wp\/v2\/types\/post"}],"author":[{"embeddable":true,"href":"https:\/\/www.sankturban.de\/index.php?rest_route=\/wp\/v2\/users\/31"}],"replies":[{"embeddable":true,"href":"https:\/\/www.sankturban.de\/index.php?rest_route=%2Fwp%2Fv2%2Fcomments&post=6965"}],"version-history":[{"count":4,"href":"https:\/\/www.sankturban.de\/index.php?rest_route=\/wp\/v2\/posts\/6965\/revisions"}],"predecessor-version":[{"id":8016,"href":"https:\/\/www.sankturban.de\/index.php?rest_route=\/wp\/v2\/posts\/6965\/revisions\/8016"}],"wp:attachment":[{"href":"https:\/\/www.sankturban.de\/index.php?rest_route=%2Fwp%2Fv2%2Fmedia&parent=6965"}],"wp:term":[{"taxonomy":"category","embeddable":true,"href":"https:\/\/www.sankturban.de\/index.php?rest_route=%2Fwp%2Fv2%2Fcategories&post=6965"},{"taxonomy":"post_tag","embeddable":true,"href":"https:\/\/www.sankturban.de\/index.php?rest_route=%2Fwp%2Fv2%2Ftags&post=6965"}],"curies":[{"name":"wp","href":"https:\/\/api.w.org\/{rel}","templated":true}]}}