{"id":6808,"date":"2017-12-15T19:37:11","date_gmt":"2017-12-15T18:37:11","guid":{"rendered":"http:\/\/www.sankturban.de\/?p=6808"},"modified":"2017-12-15T19:43:25","modified_gmt":"2017-12-15T18:43:25","slug":"firmvorebereitung-2018-beginnt-im-januar","status":"publish","type":"post","link":"https:\/\/www.sankturban.de\/?p=6808","title":{"rendered":"Firmvorebereitung 2018 beginnt im Januar"},"content":{"rendered":"<p>Am Sonntag, 15. Juli 2018, wird Weihbischof Matth\u00e4us Karrer wieder Jugendliche aus St. Johannes und St. Franziskus firmen: Der Firmgottesdienst findet um 11.00 Uhr in der Pfarrkirche St. Franziskus in Obert\u00fcrkheim statt.<br \/>\nAus dem Pastoralteam ist in diesem Jahr Pfarrer Andreas G\u00e4lle f\u00fcr die Firmvorbereitung zust\u00e4ndig.<br \/>\nJugendliche der Geburtsjahrg\u00e4nge 01.07.2001 bis 30.06.2003 werden bis 30. Dezember 2017 ein Informationsschreiben zur Firmvorbereitung und Firmung erhalten. Wer keinen Brief erhalten hat, wendet sich bitte an das am Wohnsitz zust\u00e4ndige Pfarramt.<\/p>\n","protected":false},"excerpt":{"rendered":"<p>Am Sonntag, 15. Juli 2018, wird Weihbischof Matth\u00e4us Karrer wieder Jugendliche aus St. Johannes und St. Franziskus firmen: Der Firmgottesdienst findet um 11.00 Uhr in der Pfarrkirche St. Franziskus in Obert\u00fcrkheim statt. Aus dem Pastoralteam ist in diesem Jahr Pfarrer &hellip; <a href=\"https:\/\/www.sankturban.de\/?p=6808\">Weiterlesen <span class=\"meta-nav\">&rarr;<\/span><\/a><\/p>\n","protected":false},"author":31,"featured_media":0,"comment_status":"closed","ping_status":"open","sticky":false,"template":"","format":"standard","meta":{"footnotes":""},"categories":[67,5,6],"tags":[],"class_list":["post-6808","post","type-post","status-publish","format-standard","hentry","category-news","category-st-franziskus","category-st-johannes"],"_links":{"self":[{"href":"https:\/\/www.sankturban.de\/index.php?rest_route=\/wp\/v2\/posts\/6808","targetHints":{"allow":["GET"]}}],"collection":[{"href":"https:\/\/www.sankturban.de\/index.php?rest_route=\/wp\/v2\/posts"}],"about":[{"href":"https:\/\/www.sankturban.de\/index.php?rest_route=\/wp\/v2\/types\/post"}],"author":[{"embeddable":true,"href":"https:\/\/www.sankturban.de\/index.php?rest_route=\/wp\/v2\/users\/31"}],"replies":[{"embeddable":true,"href":"https:\/\/www.sankturban.de\/index.php?rest_route=%2Fwp%2Fv2%2Fcomments&post=6808"}],"version-history":[{"count":2,"href":"https:\/\/www.sankturban.de\/index.php?rest_route=\/wp\/v2\/posts\/6808\/revisions"}],"predecessor-version":[{"id":6814,"href":"https:\/\/www.sankturban.de\/index.php?rest_route=\/wp\/v2\/posts\/6808\/revisions\/6814"}],"wp:attachment":[{"href":"https:\/\/www.sankturban.de\/index.php?rest_route=%2Fwp%2Fv2%2Fmedia&parent=6808"}],"wp:term":[{"taxonomy":"category","embeddable":true,"href":"https:\/\/www.sankturban.de\/index.php?rest_route=%2Fwp%2Fv2%2Fcategories&post=6808"},{"taxonomy":"post_tag","embeddable":true,"href":"https:\/\/www.sankturban.de\/index.php?rest_route=%2Fwp%2Fv2%2Ftags&post=6808"}],"curies":[{"name":"wp","href":"https:\/\/api.w.org\/{rel}","templated":true}]}}