{"id":5496,"date":"2020-10-27T10:40:00","date_gmt":"2020-10-27T09:40:00","guid":{"rendered":"http:\/\/www.sankturban.de\/?p=5496"},"modified":"2020-10-31T14:03:59","modified_gmt":"2020-10-31T13:03:59","slug":"damit-ihr-nicht-trauert-wie-die-die-keine-hoffnung-haben-vgl-1-thess-413","status":"publish","type":"post","link":"https:\/\/www.sankturban.de\/?p=5496","title":{"rendered":"Allerheiligen und Allerseelen: &#8222;Damit ihr nicht trauert wie die, die keine Hoffnung haben.&#8220; (vgl. 1 Thess 4,13)"},"content":{"rendered":"<p><a href=\"https:\/\/www.sankturban.de\/wp-content\/uploads\/2016\/10\/15113_img_2625_by_johannes_simon_pfarrbriefservice_0.jpg\"><img loading=\"lazy\" decoding=\"async\" class=\"alignleft size-medium wp-image-5498\" title=\"15113_img_2625_by_johannes_simon_pfarrbriefservice_0\" src=\"https:\/\/www.sankturban.de\/wp-content\/uploads\/2016\/10\/15113_img_2625_by_johannes_simon_pfarrbriefservice_0-225x300.jpg\" alt=\"\" width=\"225\" height=\"300\" srcset=\"https:\/\/www.sankturban.de\/wp-content\/uploads\/2016\/10\/15113_img_2625_by_johannes_simon_pfarrbriefservice_0-225x300.jpg 225w, https:\/\/www.sankturban.de\/wp-content\/uploads\/2016\/10\/15113_img_2625_by_johannes_simon_pfarrbriefservice_0.jpg 488w\" sizes=\"auto, (max-width: 225px) 100vw, 225px\" \/><\/a>In den Oberen Neckarvororten feiern die Katholiken am 1. November den Festtag Allerheiligen und am 2. November das Fest Allerseelen.<br \/>\nBeide Tage sind zutiefst von der christlichen Hoffnung auf die Auferstehung der Toten gepr\u00e4gt.<\/p>\n<p>In St. Franziskus und St. Christophorus wird am Sonntag, 1. November, um 9.30 Uhr Eucharistie gefeiert, ebenso findet an Allerheiligen um 10.45 Uhr in St. Johannes und St. Markus eine Heilige Messe statt. In Hedelfingen schlie\u00dft sich an den Gottesdienst direkt der Gr\u00e4berbesuch auf den Friedh\u00f6fen in Hedelfingen und Rohracker an.<!--more--> Um 15 Uhr an Allerheiligen findet dann nachmittags auf den Friedhof in Untert\u00fcrkheim eine Andacht im Freien mit Gr\u00e4berbesuch statt.<\/p>\n<p>Die Vorabendmesse am 31.10. <strong>entf\u00e4llt<\/strong>.<\/p>\n<p>Am Festtag Allerseelen (Montag, 2. November) gedenken die Katholiken ihren Verstorbenen und beten f\u00fcr sie. Deie Eucharistie wird um 18.30 Uhr in St. Christophorus gefeiert.<\/p>\n<p>Herzliche Einladung zur Mitfeier und zum Gebet f\u00fcr unsere Verstorbenen!<\/p>\n<ul>\n<li><a href=\"http:\/\/katholisch.de\/aktuelles\/aktuelle-artikel\/mitten-im-leben-vom-tod-umfangen\">katholisch.de zum Festtag &#8222;Allerseelen&#8220;<\/a><\/li>\n<li><a href=\"https:\/\/www.drs.de\/dateisammlung\/zuhause-gottesdienst-feiern.html\">Hausgottesdienst an Allerheiligen und Allerseelen<\/a><\/li>\n<\/ul>\n<p><strong>Bitte beachten Sie bei allen Gottesdienste die aktuell g\u00fcltigen Hygiene- und Abstandsregeln.<\/strong><\/p>\n<p><em>(Bild: Johannes Simon, Pfarrbriefservice.de)<\/em><\/p>\n","protected":false},"excerpt":{"rendered":"<p>In den Oberen Neckarvororten feiern die Katholiken am 1. November den Festtag Allerheiligen und am 2. November das Fest Allerseelen. Beide Tage sind zutiefst von der christlichen Hoffnung auf die Auferstehung der Toten gepr\u00e4gt. In St. Franziskus und St. Christophorus &hellip; <a href=\"https:\/\/www.sankturban.de\/?p=5496\">Weiterlesen <span class=\"meta-nav\">&rarr;<\/span><\/a><\/p>\n","protected":false},"author":31,"featured_media":0,"comment_status":"closed","ping_status":"open","sticky":false,"template":"","format":"standard","meta":{"footnotes":""},"categories":[4,5,6,7,8],"tags":[],"class_list":["post-5496","post","type-post","status-publish","format-standard","hentry","category-st-christophorus","category-st-franziskus","category-st-johannes","category-st-markus","category-startseite"],"_links":{"self":[{"href":"https:\/\/www.sankturban.de\/index.php?rest_route=\/wp\/v2\/posts\/5496","targetHints":{"allow":["GET"]}}],"collection":[{"href":"https:\/\/www.sankturban.de\/index.php?rest_route=\/wp\/v2\/posts"}],"about":[{"href":"https:\/\/www.sankturban.de\/index.php?rest_route=\/wp\/v2\/types\/post"}],"author":[{"embeddable":true,"href":"https:\/\/www.sankturban.de\/index.php?rest_route=\/wp\/v2\/users\/31"}],"replies":[{"embeddable":true,"href":"https:\/\/www.sankturban.de\/index.php?rest_route=%2Fwp%2Fv2%2Fcomments&post=5496"}],"version-history":[{"count":9,"href":"https:\/\/www.sankturban.de\/index.php?rest_route=\/wp\/v2\/posts\/5496\/revisions"}],"predecessor-version":[{"id":9588,"href":"https:\/\/www.sankturban.de\/index.php?rest_route=\/wp\/v2\/posts\/5496\/revisions\/9588"}],"wp:attachment":[{"href":"https:\/\/www.sankturban.de\/index.php?rest_route=%2Fwp%2Fv2%2Fmedia&parent=5496"}],"wp:term":[{"taxonomy":"category","embeddable":true,"href":"https:\/\/www.sankturban.de\/index.php?rest_route=%2Fwp%2Fv2%2Fcategories&post=5496"},{"taxonomy":"post_tag","embeddable":true,"href":"https:\/\/www.sankturban.de\/index.php?rest_route=%2Fwp%2Fv2%2Ftags&post=5496"}],"curies":[{"name":"wp","href":"https:\/\/api.w.org\/{rel}","templated":true}]}}