{"id":3903,"date":"2015-04-30T22:26:53","date_gmt":"2015-04-30T21:26:53","guid":{"rendered":"http:\/\/www.sankturban.de\/?p=3903"},"modified":"2015-05-05T10:37:42","modified_gmt":"2015-05-05T09:37:42","slug":"st-urban-feiert-marienmonat-mai","status":"publish","type":"post","link":"https:\/\/www.sankturban.de\/?p=3903","title":{"rendered":"St. Urban feiert Marienmonat Mai"},"content":{"rendered":"<p><a href=\"https:\/\/www.sankturban.de\/wp-content\/uploads\/2015\/04\/Maria-St.-Johannes1.jpg\"><img loading=\"lazy\" decoding=\"async\" class=\"alignleft size-medium wp-image-3908\" title=\"Maria St. Johannes\" src=\"https:\/\/www.sankturban.de\/wp-content\/uploads\/2015\/04\/Maria-St.-Johannes1-168x300.jpg\" alt=\"\" width=\"168\" height=\"300\" srcset=\"https:\/\/www.sankturban.de\/wp-content\/uploads\/2015\/04\/Maria-St.-Johannes1-168x300.jpg 168w, https:\/\/www.sankturban.de\/wp-content\/uploads\/2015\/04\/Maria-St.-Johannes1.jpg 540w\" sizes=\"auto, (max-width: 168px) 100vw, 168px\" \/><\/a>Mit feierlichen Maiandachten und dem <a href=\"https:\/\/www.sankturban.de\/?p=3880\" target=\"_blank\">Benefizkonzert &#8222;Ave Maria<\/a>&#8220; in der  Pfarrkirche St. Franziskus begehen die Katholiken in den Oberen  Neckarvororten den Marienmonat Mai.<\/p>\n<p>Passend  zum Marienmonat Mai und zum Evangelium des F\u00fcnften Ostersonntags (Joh 15,1-8)  streckt das Jesuskind, gehalten von der Gottesmutter, am Maialtar in St.  Johannes dem Betrachter eine Rebtraube entgegen.<\/p>\n<p><!--more-->&#8222;<em>Bleibt in  mir, dann bleibe ich in euch. Wie die Rebe aus sich keine Frucht bringen  kann, sondern nur, wenn sie am Weinstock bleibt, so k\u00f6nnt auch ihr  keine Frucht bringen, wenn ihr nicht in mir bleibt.<\/em><br \/>\n<em> Ich bin der  Weinstock, ihr seid die Reben. Wer in mir bleibt und in wem ich bleibe,  der bringt reiche Frucht; denn getrennt von mir k\u00f6nnt ihr nichts  vollbringen.<\/em>&#8220;<br \/>\n(Joh 15,4f.)<\/p>\n<p><!--more--> Herzliche Einladung zur Mitfeier des Marienmonats Mai:<\/p>\n<p>Freitag, 1. Mai 2015<\/p>\n<ul>\n<li>9.00 Uhr Eucharistiefeier mit anschl. Marienlob (St. Johannes Untert\u00fcrkheim)<\/li>\n<\/ul>\n<p>Sonntag, 3. Mai 2015<\/p>\n<ul>\n<li>17.00 Uhr<a href=\"http:\/\/juref-s.karibu-webdesign.de\/start.php?seite=1.2.1&amp;id_veranstaltungen=185\" target=\"_blank\"> Jugendmaiandacht &#8222;Angedacht&#8220;<\/a> (Pfarrkirche St. Barbara, Wolfgangstra\u00dfe 8, 70378 Stuttgart-Hofen)<\/li>\n<li>18.00 Uhr Maiandacht (St. Christophorus Wangen)<\/li>\n<\/ul>\n<p>Samstag, 9. Mai 2015<\/p>\n<ul>\n<li><a href=\"https:\/\/www.sankturban.de\/?p=3880\" target=\"_blank\">18.00 Uhr Konzert zum Mai &#8222;Ave Maria&#8220; (St. Franziskus Obert\u00fcrkheim), Kollekte f\u00fcr Erdbebenopfer in Nepal sowie f\u00fcr das Kinder- und Jugendhospiz Stuttgart (je 50 %).<\/a><\/li>\n<\/ul>\n<p>Sonntag, 10. Mai 2015<\/p>\n<ul>\n<li>18.00 Uhr Maiandacht (St. Johannes Untert\u00fcrkheim)<\/li>\n<\/ul>\n<p>Sonntag, 17. Mai 2015<\/p>\n<ul>\n<li>18.00 Uhr Maiandacht (St. Franziskus Obert\u00fcrkheim)<\/li>\n<\/ul>\n<p>Pfingstsonntag, 24. Mai 2015<\/p>\n<ul>\n<li>18.00 Uhr Maiandacht (St. Markus Hedelfingen)<\/li>\n<\/ul>\n<p>Sonntag, 31. Mai 2015<\/p>\n<ul>\n<li>18.00 Uhr Maiandacht (St. Christophorus Wangen)<\/li>\n<\/ul>\n<p><em>Allen, die auch in diesem Jahr wieder durch eine Spende mithelfen, die Maialt\u00e4re in unseren Kirchen so festlich zu schm\u00fccken, sei herzlich gedankt.<\/em><\/p>\n<p>&nbsp;<\/p>\n","protected":false},"excerpt":{"rendered":"<p>Mit feierlichen Maiandachten und dem Benefizkonzert &#8222;Ave Maria&#8220; in der Pfarrkirche St. Franziskus begehen die Katholiken in den Oberen Neckarvororten den Marienmonat Mai. Passend zum Marienmonat Mai und zum Evangelium des F\u00fcnften Ostersonntags (Joh 15,1-8) streckt das Jesuskind, gehalten von &hellip; <a href=\"https:\/\/www.sankturban.de\/?p=3903\">Weiterlesen <span class=\"meta-nav\">&rarr;<\/span><\/a><\/p>\n","protected":false},"author":31,"featured_media":3908,"comment_status":"closed","ping_status":"open","sticky":false,"template":"","format":"standard","meta":{"footnotes":""},"categories":[8],"tags":[],"class_list":["post-3903","post","type-post","status-publish","format-standard","has-post-thumbnail","hentry","category-startseite"],"_links":{"self":[{"href":"https:\/\/www.sankturban.de\/index.php?rest_route=\/wp\/v2\/posts\/3903","targetHints":{"allow":["GET"]}}],"collection":[{"href":"https:\/\/www.sankturban.de\/index.php?rest_route=\/wp\/v2\/posts"}],"about":[{"href":"https:\/\/www.sankturban.de\/index.php?rest_route=\/wp\/v2\/types\/post"}],"author":[{"embeddable":true,"href":"https:\/\/www.sankturban.de\/index.php?rest_route=\/wp\/v2\/users\/31"}],"replies":[{"embeddable":true,"href":"https:\/\/www.sankturban.de\/index.php?rest_route=%2Fwp%2Fv2%2Fcomments&post=3903"}],"version-history":[{"count":7,"href":"https:\/\/www.sankturban.de\/index.php?rest_route=\/wp\/v2\/posts\/3903\/revisions"}],"predecessor-version":[{"id":3907,"href":"https:\/\/www.sankturban.de\/index.php?rest_route=\/wp\/v2\/posts\/3903\/revisions\/3907"}],"wp:featuredmedia":[{"embeddable":true,"href":"https:\/\/www.sankturban.de\/index.php?rest_route=\/wp\/v2\/media\/3908"}],"wp:attachment":[{"href":"https:\/\/www.sankturban.de\/index.php?rest_route=%2Fwp%2Fv2%2Fmedia&parent=3903"}],"wp:term":[{"taxonomy":"category","embeddable":true,"href":"https:\/\/www.sankturban.de\/index.php?rest_route=%2Fwp%2Fv2%2Fcategories&post=3903"},{"taxonomy":"post_tag","embeddable":true,"href":"https:\/\/www.sankturban.de\/index.php?rest_route=%2Fwp%2Fv2%2Ftags&post=3903"}],"curies":[{"name":"wp","href":"https:\/\/api.w.org\/{rel}","templated":true}]}}