{"id":3880,"date":"2015-04-17T10:19:55","date_gmt":"2015-04-17T09:19:55","guid":{"rendered":"http:\/\/www.sankturban.de\/?p=3880"},"modified":"2015-05-05T10:35:53","modified_gmt":"2015-05-05T09:35:53","slug":"benefizkonzert-ave-maria","status":"publish","type":"post","link":"https:\/\/www.sankturban.de\/?p=3880","title":{"rendered":"Benefizkonzert &#8222;Ave Maria&#8220;"},"content":{"rendered":"<p><a href=\"https:\/\/www.sankturban.de\/wp-content\/uploads\/2015\/04\/Benefizkonzert-Ave-Maria-2015-1.jpg\"><img loading=\"lazy\" decoding=\"async\" class=\"alignleft size-medium wp-image-3881\" title=\"Benefizkonzert Ave Maria 2015-1\" src=\"https:\/\/www.sankturban.de\/wp-content\/uploads\/2015\/04\/Benefizkonzert-Ave-Maria-2015-1-212x300.jpg\" alt=\"\" width=\"212\" height=\"300\" srcset=\"https:\/\/www.sankturban.de\/wp-content\/uploads\/2015\/04\/Benefizkonzert-Ave-Maria-2015-1-212x300.jpg 212w, https:\/\/www.sankturban.de\/wp-content\/uploads\/2015\/04\/Benefizkonzert-Ave-Maria-2015-1.jpg 543w\" sizes=\"auto, (max-width: 212px) 100vw, 212px\" \/><\/a>Am Samstag, 8. Mai 2015, findet in der Pfarrkirche St. Franziskus Obert\u00fcrkheim das Benefizkonzert &#8222;Ave Maria&#8220; zum Marienmonat Mai statt.<\/p>\n<p>Der  Eintritt ist frei, Spenden zugunsten des Wiederaufbaus im   Erdbebengebiet in Nepal und des Kinder- und Jugendhospizes Stuttgart   werden erbeten.<!--more-->Am 9. Mai 2015 um 18  Uhr laden wir Sie herzlich zu einem Benefizkonzert f\u00fcr Gesang, Cello,  Violine und Orgel nach St. Franziskus in Stuttgart-Obert\u00fcrkheim in\u00a0 der  Ebniseestra\u00dfe ein. Ingrid Marheineke (Sopran), Andrea Pachner  (Mezzosopran, Violine), Leonhard Hell (Cello) und Sebastian Neumann  (Orgel und Harmonium) f\u00fchren Werke rund um Maria auf \u2013 unter\u00a0 anderem  von Buxtehude, Caccini, Reger, Saint-Sa\u00ebns, D. Scarlatti und Vivaldi.<\/p>\n<p>Am  25. April 2015 bebte die Erde in Nepal. Das Beben traf eines der  \u00e4rmsten und durch den Himalaya am schwierigsten zug\u00e4nglichen L\u00e4nder der  Welt. Inzwischen gibt es mehr als 6000 Tote und die Zahl steigt weiter  an. Viele l\u00e4ndliche Regionen sind sehr stark betroffen, darunter der  Distrikt Dhading. Hier leben im Dorf Simle 300 Menschen auf einer H\u00f6he  von 1.700m. Im h\u00f6her gelegenen Dorf Chhotekharka (2.000m) leben weitere  500 Menschen die zurzeit von der Au\u00dfenwelt abgeschlossen sind. Die  beiden D\u00f6rfer liegen ca. zwei Autostunden von Kathmandu entfernt. Die  Menschen dort haben sich in der Vergangenheit m\u00fchsam Ihre Lehmh\u00fctten,  welche den Stolz und das Verm\u00f6gen der Familien darstellen, aufgebaut.\u00a0  Der Gro\u00dfteil der H\u00fctten ist in beiden D\u00f6rfern zerst\u00f6rt.\u00a0 Die durch  jahrelange Spenden 2006 aufgebaute Lilakali Schule ist ebenfalls  komplett zerst\u00f6rt. Die Schule bot vor dem Erdbeben 400 Sch\u00fclern die  M\u00f6glichkeit auf Bildung. Die erst seit 2007 initiierte Stromversorgung  funktioniert ebenfalls nicht mehr. Die Menschen dieser beiden D\u00f6rfer  stehen vor dem Nichts und ben\u00f6tigen dringend Unterst\u00fctzung.<\/p>\n<p>Wir  Musiker haben uns kurzfristig entschlossen auch diesen D\u00f6rfern durch  unser schon geplantes Benefizkonzert beim Wiederaufbau zu helfen und den  Erl\u00f6s auf die beiden Projekte aufzuteilen. Durch pers\u00f6nliche Kontakte  in das Dorf kommt Ihre Spende direkt und zu 100% bei den Betroffenen zum  Wiederaufbau der Schule und der d\u00f6rflichen Infrastruktur an.<\/p>\n<p>&nbsp;<\/p>\n<p>&nbsp;<\/p>\n","protected":false},"excerpt":{"rendered":"<p>Am Samstag, 8. Mai 2015, findet in der Pfarrkirche St. Franziskus Obert\u00fcrkheim das Benefizkonzert &#8222;Ave Maria&#8220; zum Marienmonat Mai statt. Der Eintritt ist frei, Spenden zugunsten des Wiederaufbaus im Erdbebengebiet in Nepal und des Kinder- und Jugendhospizes Stuttgart werden erbeten.<\/p>\n","protected":false},"author":31,"featured_media":0,"comment_status":"closed","ping_status":"open","sticky":false,"template":"","format":"standard","meta":{"footnotes":""},"categories":[5,8],"tags":[],"class_list":["post-3880","post","type-post","status-publish","format-standard","hentry","category-st-franziskus","category-startseite"],"_links":{"self":[{"href":"https:\/\/www.sankturban.de\/index.php?rest_route=\/wp\/v2\/posts\/3880","targetHints":{"allow":["GET"]}}],"collection":[{"href":"https:\/\/www.sankturban.de\/index.php?rest_route=\/wp\/v2\/posts"}],"about":[{"href":"https:\/\/www.sankturban.de\/index.php?rest_route=\/wp\/v2\/types\/post"}],"author":[{"embeddable":true,"href":"https:\/\/www.sankturban.de\/index.php?rest_route=\/wp\/v2\/users\/31"}],"replies":[{"embeddable":true,"href":"https:\/\/www.sankturban.de\/index.php?rest_route=%2Fwp%2Fv2%2Fcomments&post=3880"}],"version-history":[{"count":4,"href":"https:\/\/www.sankturban.de\/index.php?rest_route=\/wp\/v2\/posts\/3880\/revisions"}],"predecessor-version":[{"id":3912,"href":"https:\/\/www.sankturban.de\/index.php?rest_route=\/wp\/v2\/posts\/3880\/revisions\/3912"}],"wp:attachment":[{"href":"https:\/\/www.sankturban.de\/index.php?rest_route=%2Fwp%2Fv2%2Fmedia&parent=3880"}],"wp:term":[{"taxonomy":"category","embeddable":true,"href":"https:\/\/www.sankturban.de\/index.php?rest_route=%2Fwp%2Fv2%2Fcategories&post=3880"},{"taxonomy":"post_tag","embeddable":true,"href":"https:\/\/www.sankturban.de\/index.php?rest_route=%2Fwp%2Fv2%2Ftags&post=3880"}],"curies":[{"name":"wp","href":"https:\/\/api.w.org\/{rel}","templated":true}]}}