{"id":16301,"date":"2026-09-05T15:40:16","date_gmt":"2026-09-05T14:40:16","guid":{"rendered":"https:\/\/www.sankturban.de\/?p=16301"},"modified":"2026-09-05T15:40:16","modified_gmt":"2026-09-05T14:40:16","slug":"gottesdienste-zur-einschulung","status":"publish","type":"post","link":"https:\/\/www.sankturban.de\/?p=16301","title":{"rendered":"Gottesdienste zur Einschulung"},"content":{"rendered":"<div class=\"wp-block-image\">\n<figure class=\"alignleft size-large is-resized\"><img loading=\"lazy\" decoding=\"async\" width=\"1024\" height=\"724\" src=\"https:\/\/www.sankturban.de\/wp-content\/uploads\/2026\/09\/schulanfang_farbe_by_factum_adp_pfarrbriefservice-1024x724.jpg\" alt=\"\" class=\"wp-image-16302\" style=\"aspect-ratio:1.414379467030226;width:360px;height:auto\" srcset=\"https:\/\/www.sankturban.de\/wp-content\/uploads\/2026\/09\/schulanfang_farbe_by_factum_adp_pfarrbriefservice-1024x724.jpg 1024w, https:\/\/www.sankturban.de\/wp-content\/uploads\/2026\/09\/schulanfang_farbe_by_factum_adp_pfarrbriefservice-300x212.jpg 300w, https:\/\/www.sankturban.de\/wp-content\/uploads\/2026\/09\/schulanfang_farbe_by_factum_adp_pfarrbriefservice-768x543.jpg 768w, https:\/\/www.sankturban.de\/wp-content\/uploads\/2026\/09\/schulanfang_farbe_by_factum_adp_pfarrbriefservice-1320x933.jpg 1320w, https:\/\/www.sankturban.de\/wp-content\/uploads\/2026\/09\/schulanfang_farbe_by_factum_adp_pfarrbriefservice.jpg 1500w\" sizes=\"auto, (max-width: 1024px) 100vw, 1024px\" \/><\/figure>\n<\/div>\n\n\n<p class=\"wp-block-paragraph\">Ein neuer Lebensabschnitt beginnt, ein spannendes Schuljahr wartet: F\u00fcr viele Kinder steht in diesen Tagen der erste Schultag vor der T\u00fcr, w\u00e4hrend andere eine neue Klasse oder Schule beziehen. Diesen besonderen Meilenstein m\u00f6chten wir nicht nur mit Vorfreude und etwas Aufregung, sondern auch mit Gottes Segen feiern.<br \/><br \/>Gemeinsam mit den evangelischen Kirchengemeinden laden wir alle Schulkinder, Familien, Paten und Freunde ganz herzlich zu unseren \u00f6kumenischen Einschulungsgottesdiensten im September ein. <\/p>\n\n\n\n<p class=\"wp-block-paragraph\">Wir wollen danken, bitten, singen und Mut f\u00fcr den neuen Weg sammeln und uns unter Gottes segen stellen.<\/p>\n\n\n\n<!--more-->\n\n\n\n<p class=\"wp-block-paragraph\">Hier finden Sie alle Termine und Orte im \u00dcberblick:<\/p>\n\n\n\n<p class=\"wp-block-paragraph\">Am <strong>Mittwoch, den 16. September<\/strong>, starten wir in Uhlbach um <strong>09:00 Uhr<\/strong> in der Andreaskirche. Nachmittags um <strong>17:00 Uhr<\/strong> laden wir herzlich in die Ev. Wallmerkirche nach Untert\u00fcrkheim ein.<\/p>\n\n\n\n<p class=\"wp-block-paragraph\">Am <strong>Donnerstag, den 17. September<\/strong>, gibt es ein breites Angebot in unseren verschiedenen Stadtteilen:<br \/>Fr\u00fchaufsteher in Rohracker kommen um <strong>08:30 Uhr<\/strong> in der Bernhardskirche zusammen. Um <strong>09:00 Uhr<\/strong> feiern wir parallel in der Andreaskirche in Obert\u00fcrkheim. Weiter geht es um <strong>09:30 Uhr<\/strong> in der Ev. Kreuzkirche in Hedelfingen sowie um <strong>10:00 Uhr<\/strong> in der Gartenstadtkirche in Luginsland. Wer den Tag lieber am Abend gemeinsam ausklingen lassen m\u00f6chte, ist um <strong>18:00 Uhr<\/strong> zum Gottesdienst in der Ev. Michaelskirche in Wangen herzlich willkommen.<\/p>\n\n\n\n<p class=\"wp-block-paragraph\">Kommt vorbei und lasst uns gemeinsam mit gutem Mut und Gottes Segen in das neue Schuljahr starten. Wir freuen uns auf euer Kommen und w\u00fcnschen allen Sch\u00fclerinnen und Sch\u00fclern einen gro\u00dfartigen Start!<\/p>\n\n\n\n<p class=\"wp-block-paragraph\">(Bild: factum.adp, in: Pfarrbriefservice.de)<\/p>\n","protected":false},"excerpt":{"rendered":"<p>Ein neuer Lebensabschnitt beginnt, ein spannendes Schuljahr wartet: F\u00fcr viele Kinder steht in diesen Tagen der erste Schultag vor der T\u00fcr, w\u00e4hrend andere eine neue Klasse oder Schule beziehen. Diesen besonderen Meilenstein m\u00f6chten wir nicht nur mit Vorfreude und etwas &hellip; <a href=\"https:\/\/www.sankturban.de\/?p=16301\">Weiterlesen <span class=\"meta-nav\">&rarr;<\/span><\/a><\/p>\n","protected":false},"author":33,"featured_media":0,"comment_status":"closed","ping_status":"closed","sticky":false,"template":"","format":"standard","meta":{"footnotes":""},"categories":[8],"tags":[],"class_list":["post-16301","post","type-post","status-publish","format-standard","hentry","category-startseite"],"_links":{"self":[{"href":"https:\/\/www.sankturban.de\/index.php?rest_route=\/wp\/v2\/posts\/16301","targetHints":{"allow":["GET"]}}],"collection":[{"href":"https:\/\/www.sankturban.de\/index.php?rest_route=\/wp\/v2\/posts"}],"about":[{"href":"https:\/\/www.sankturban.de\/index.php?rest_route=\/wp\/v2\/types\/post"}],"author":[{"embeddable":true,"href":"https:\/\/www.sankturban.de\/index.php?rest_route=\/wp\/v2\/users\/33"}],"replies":[{"embeddable":true,"href":"https:\/\/www.sankturban.de\/index.php?rest_route=%2Fwp%2Fv2%2Fcomments&post=16301"}],"version-history":[{"count":1,"href":"https:\/\/www.sankturban.de\/index.php?rest_route=\/wp\/v2\/posts\/16301\/revisions"}],"predecessor-version":[{"id":16303,"href":"https:\/\/www.sankturban.de\/index.php?rest_route=\/wp\/v2\/posts\/16301\/revisions\/16303"}],"wp:attachment":[{"href":"https:\/\/www.sankturban.de\/index.php?rest_route=%2Fwp%2Fv2%2Fmedia&parent=16301"}],"wp:term":[{"taxonomy":"category","embeddable":true,"href":"https:\/\/www.sankturban.de\/index.php?rest_route=%2Fwp%2Fv2%2Fcategories&post=16301"},{"taxonomy":"post_tag","embeddable":true,"href":"https:\/\/www.sankturban.de\/index.php?rest_route=%2Fwp%2Fv2%2Ftags&post=16301"}],"curies":[{"name":"wp","href":"https:\/\/api.w.org\/{rel}","templated":true}]}}