{"id":15950,"date":"2026-03-11T10:45:45","date_gmt":"2026-03-11T09:45:45","guid":{"rendered":"https:\/\/www.sankturban.de\/?p=15950"},"modified":"2026-03-13T08:41:10","modified_gmt":"2026-03-13T07:41:10","slug":"abend-der-barmherzigkeit-4","status":"publish","type":"post","link":"https:\/\/www.sankturban.de\/?p=15950","title":{"rendered":"Abend der Barmherzigkeit"},"content":{"rendered":"<div class=\"wp-block-image\">\n<figure class=\"alignleft size-large is-resized\"><img loading=\"lazy\" decoding=\"async\" width=\"1024\" height=\"982\" src=\"https:\/\/www.sankturban.de\/wp-content\/uploads\/2026\/03\/Provisorischer-Flyer_Abend-der-Barmherzigkeit_2026_Quadrat-1024x982.jpg\" alt=\"\" class=\"wp-image-15951\" style=\"aspect-ratio:1.042312910476371;width:376px;height:auto\" srcset=\"https:\/\/www.sankturban.de\/wp-content\/uploads\/2026\/03\/Provisorischer-Flyer_Abend-der-Barmherzigkeit_2026_Quadrat-1024x982.jpg 1024w, https:\/\/www.sankturban.de\/wp-content\/uploads\/2026\/03\/Provisorischer-Flyer_Abend-der-Barmherzigkeit_2026_Quadrat-300x288.jpg 300w, https:\/\/www.sankturban.de\/wp-content\/uploads\/2026\/03\/Provisorischer-Flyer_Abend-der-Barmherzigkeit_2026_Quadrat-768x737.jpg 768w, https:\/\/www.sankturban.de\/wp-content\/uploads\/2026\/03\/Provisorischer-Flyer_Abend-der-Barmherzigkeit_2026_Quadrat-1536x1474.jpg 1536w, https:\/\/www.sankturban.de\/wp-content\/uploads\/2026\/03\/Provisorischer-Flyer_Abend-der-Barmherzigkeit_2026_Quadrat-scaled.jpg 2048w, https:\/\/www.sankturban.de\/wp-content\/uploads\/2026\/03\/Provisorischer-Flyer_Abend-der-Barmherzigkeit_2026_Quadrat-1320x1266.jpg 1320w\" sizes=\"auto, (max-width: 1024px) 100vw, 1024px\" \/><\/figure>\n<\/div>\n\n\n<p>Auch in diesem Jahr l\u00e4dt die Gemeinschaft Emmanuel und die Kirchengemeinde St. Johannes zu einem &#8222;Abend der Barmherzigkeit&#8220; ein. <br \/>Dieser beginnt am Samstag, 14. M\u00e4rz, um 18.30 Uhr in der Pfarrkirche St. Johannes Untert\u00fcrkheim.<\/p>\n\n\n\n<p>Zahlreiche geistliche Angebote und Beichtm\u00f6glichkeit sowie Eucharistische Anbetung sind m\u00f6glich.<\/p>\n\n\n\n<!--more-->\n\n\n\n<p><strong>Abend der Barmherzigkeit 2026<\/strong><\/p>\n\n\n\n<p>Am 14. M\u00e4rz 2026, von 18:30 bis 20:30<\/p>\n\n\n\n<p>Die Kirchengemeinde St. Johannes und die Gemeinschaft Emmanuel laden herzlich zu einem Abend der Barmherzigkeit ein:<\/p>\n\n\n\n<p>Um 18.30 Uhr beginnen wir mit einem <strong>Lobpreis<\/strong>: Mit musikalischer Unterst\u00fctzung bringen wir Gott unsere Freude.<\/p>\n\n\n\n<p>Anschlie\u00dfend d\u00fcrfen wir Seine <strong>N\u00e4he <\/strong>und <strong>Barmherzigkeit<\/strong> auf vielf\u00e4ltiger Weise erfahren: Seine Pr\u00e4senz unter uns in der eucharistischen Anbetung, Sein Erbarmen bei den Anliegen, f\u00fcr die wir beten lassen k\u00f6nnen, einen pers\u00f6nlichen Segen, um den wir bitten k\u00f6nnen, das Sakrament der Vers\u00f6hnung, das wir an dem Abend empfangen d\u00fcrfen und Momenten der Stille, welche ganz besonders zum H\u00f6ren einladen.<\/p>\n\n\n\n<p>Gegen 20 Uhr 30 endet der Abend mit der M\u00f6glichkeit einer Begegnung um bei S\u00fc\u00dfem und Herzhaftem ins Gespr\u00e4ch zu kommen.<\/p>\n\n\n\n<p>Wir freuen uns auf Sie!<\/p>\n\n\n\n<p>www.emmanuel.de\u00a0\u00a0\u00a0\u00a0\u00a0\u00a0\u00a0\u00a0\u00a0\u00a0\u00a0\u00a0\u00a0\u00a0\u00a0\u00a0\u00a0\u00a0 suedwest@emmanuel.de<\/p>\n","protected":false},"excerpt":{"rendered":"<p>Auch in diesem Jahr l\u00e4dt die Gemeinschaft Emmanuel und die Kirchengemeinde St. Johannes zu einem &#8222;Abend der Barmherzigkeit&#8220; ein. Dieser beginnt am Samstag, 14. M\u00e4rz, um 18.30 Uhr in der Pfarrkirche St. Johannes Untert\u00fcrkheim. Zahlreiche geistliche Angebote und Beichtm\u00f6glichkeit sowie &hellip; <a href=\"https:\/\/www.sankturban.de\/?p=15950\">Weiterlesen <span class=\"meta-nav\">&rarr;<\/span><\/a><\/p>\n","protected":false},"author":33,"featured_media":0,"comment_status":"closed","ping_status":"closed","sticky":false,"template":"","format":"standard","meta":{"footnotes":""},"categories":[8],"tags":[],"class_list":["post-15950","post","type-post","status-publish","format-standard","hentry","category-startseite"],"_links":{"self":[{"href":"https:\/\/www.sankturban.de\/index.php?rest_route=\/wp\/v2\/posts\/15950","targetHints":{"allow":["GET"]}}],"collection":[{"href":"https:\/\/www.sankturban.de\/index.php?rest_route=\/wp\/v2\/posts"}],"about":[{"href":"https:\/\/www.sankturban.de\/index.php?rest_route=\/wp\/v2\/types\/post"}],"author":[{"embeddable":true,"href":"https:\/\/www.sankturban.de\/index.php?rest_route=\/wp\/v2\/users\/33"}],"replies":[{"embeddable":true,"href":"https:\/\/www.sankturban.de\/index.php?rest_route=%2Fwp%2Fv2%2Fcomments&post=15950"}],"version-history":[{"count":2,"href":"https:\/\/www.sankturban.de\/index.php?rest_route=\/wp\/v2\/posts\/15950\/revisions"}],"predecessor-version":[{"id":15956,"href":"https:\/\/www.sankturban.de\/index.php?rest_route=\/wp\/v2\/posts\/15950\/revisions\/15956"}],"wp:attachment":[{"href":"https:\/\/www.sankturban.de\/index.php?rest_route=%2Fwp%2Fv2%2Fmedia&parent=15950"}],"wp:term":[{"taxonomy":"category","embeddable":true,"href":"https:\/\/www.sankturban.de\/index.php?rest_route=%2Fwp%2Fv2%2Fcategories&post=15950"},{"taxonomy":"post_tag","embeddable":true,"href":"https:\/\/www.sankturban.de\/index.php?rest_route=%2Fwp%2Fv2%2Ftags&post=15950"}],"curies":[{"name":"wp","href":"https:\/\/api.w.org\/{rel}","templated":true}]}}