{"id":15699,"date":"2025-12-03T12:07:05","date_gmt":"2025-12-03T11:07:05","guid":{"rendered":"https:\/\/www.sankturban.de\/?p=15699"},"modified":"2025-12-03T12:07:06","modified_gmt":"2025-12-03T11:07:06","slug":"hausgebet-im-advent-2","status":"publish","type":"post","link":"https:\/\/www.sankturban.de\/?p=15699","title":{"rendered":"Hausgebet im Advent"},"content":{"rendered":"<div class=\"wp-block-image\">\n<figure class=\"alignleft size-full\"><img loading=\"lazy\" decoding=\"async\" width=\"419\" height=\"600\" src=\"https:\/\/www.sankturban.de\/wp-content\/uploads\/2025\/12\/2025-titelbild-oekumenisches-hausgebet-im-advent.jpg\" alt=\"\" class=\"wp-image-15700\" srcset=\"https:\/\/www.sankturban.de\/wp-content\/uploads\/2025\/12\/2025-titelbild-oekumenisches-hausgebet-im-advent.jpg 419w, https:\/\/www.sankturban.de\/wp-content\/uploads\/2025\/12\/2025-titelbild-oekumenisches-hausgebet-im-advent-210x300.jpg 210w\" sizes=\"auto, (max-width: 419px) 100vw, 419px\" \/><\/figure>\n<\/div>\n\n\n<h1 class=\"wp-block-heading has-text-align-left has-medium-font-size\"><strong>Die Glocken der christlichen Kirchen in Baden-W\u00fcrttemberg laden am Abend des 8. Dezember 2025 um 19.30 Uhr wieder zum <a href=\"https:\/\/www.ack-bw.de\/veranstaltungen\/oekumenisches-hausgebet-im-advent\/\">\u00d6kumenischen Hausgebet im Advent<\/a> ein.<\/strong><\/h1>\n\n\n\n<p style=\"font-size:19px\">Dieses Hausgebet ist f\u00fcr viele Menschen inzwischen zu einer wertvollen Tradition in der Adventszeit geworden. Sie feiern gemeinsam als Familie, unter Freunden und Bekannten, als Nachbarschaft, in Gruppen und Kreisen auch \u00fcber die Konfessionsgrenzen hinweg.<\/p>\n","protected":false},"excerpt":{"rendered":"<p>Die Glocken der christlichen Kirchen in Baden-W\u00fcrttemberg laden am Abend des 8. Dezember 2025 um 19.30 Uhr wieder zum \u00d6kumenischen Hausgebet im Advent ein. Dieses Hausgebet ist f\u00fcr viele Menschen inzwischen zu einer wertvollen Tradition in der Adventszeit geworden. Sie &hellip; <a href=\"https:\/\/www.sankturban.de\/?p=15699\">Weiterlesen <span class=\"meta-nav\">&rarr;<\/span><\/a><\/p>\n","protected":false},"author":33,"featured_media":0,"comment_status":"closed","ping_status":"closed","sticky":false,"template":"","format":"standard","meta":{"footnotes":""},"categories":[67],"tags":[],"class_list":["post-15699","post","type-post","status-publish","format-standard","hentry","category-news"],"_links":{"self":[{"href":"https:\/\/www.sankturban.de\/index.php?rest_route=\/wp\/v2\/posts\/15699","targetHints":{"allow":["GET"]}}],"collection":[{"href":"https:\/\/www.sankturban.de\/index.php?rest_route=\/wp\/v2\/posts"}],"about":[{"href":"https:\/\/www.sankturban.de\/index.php?rest_route=\/wp\/v2\/types\/post"}],"author":[{"embeddable":true,"href":"https:\/\/www.sankturban.de\/index.php?rest_route=\/wp\/v2\/users\/33"}],"replies":[{"embeddable":true,"href":"https:\/\/www.sankturban.de\/index.php?rest_route=%2Fwp%2Fv2%2Fcomments&post=15699"}],"version-history":[{"count":1,"href":"https:\/\/www.sankturban.de\/index.php?rest_route=\/wp\/v2\/posts\/15699\/revisions"}],"predecessor-version":[{"id":15701,"href":"https:\/\/www.sankturban.de\/index.php?rest_route=\/wp\/v2\/posts\/15699\/revisions\/15701"}],"wp:attachment":[{"href":"https:\/\/www.sankturban.de\/index.php?rest_route=%2Fwp%2Fv2%2Fmedia&parent=15699"}],"wp:term":[{"taxonomy":"category","embeddable":true,"href":"https:\/\/www.sankturban.de\/index.php?rest_route=%2Fwp%2Fv2%2Fcategories&post=15699"},{"taxonomy":"post_tag","embeddable":true,"href":"https:\/\/www.sankturban.de\/index.php?rest_route=%2Fwp%2Fv2%2Ftags&post=15699"}],"curies":[{"name":"wp","href":"https:\/\/api.w.org\/{rel}","templated":true}]}}