{"id":15676,"date":"2026-01-07T08:12:00","date_gmt":"2026-01-07T07:12:00","guid":{"rendered":"https:\/\/www.sankturban.de\/?p=15676"},"modified":"2025-11-26T16:18:09","modified_gmt":"2025-11-26T15:18:09","slug":"7-februar-don-bosco-fest-feiert-jubilaeum","status":"publish","type":"post","link":"https:\/\/www.sankturban.de\/?p=15676","title":{"rendered":"7. Februar: Don Bosco-Fest feiert Jubil\u00e4um"},"content":{"rendered":"<div class=\"wp-block-image\">\n<figure class=\"alignleft size-full is-resized\"><img loading=\"lazy\" decoding=\"async\" width=\"301\" height=\"120\" src=\"https:\/\/www.sankturban.de\/wp-content\/uploads\/2025\/11\/e861d948bf45-DonBosco_Logo.png\" alt=\"\" class=\"wp-image-15678\" style=\"width:214px;height:auto\"\/><\/figure>\n<\/div>\n\n\n<p>Als im Herbst 1999 vier mehr oder weniger junge Ordensleute ins Pfarrhaus von Obert\u00fcrkheim kamen, da wussten nur wenige, wer Don Bosco ist und was die Ordensbr\u00fcder der Salesianer so machen. Nun feiern wir im kommenden Februar schon zum 25. Mal ihr gro\u00dfes Patronatsfest. <\/p>\n\n\n\n<!--more-->\n\n\n\n<p><br \/><br \/>Vielen ist nun klar geworden, was die Salesianer so machen: sich um junge Menschen k\u00fcmmern, ihnen in angemessener Form Glauben und Orientierung vermitteln. Und sie k\u00f6nnen feiern! So wird es fast vier Jahre nach dem Abschied der letzten Ordensm\u00e4nner wieder gefeiert. Und wir feiern Jubil\u00e4um. Das 25. Don Bosco Fest in St. Urban. <br \/><br \/>Am Samstag, 7. Februar 2026 beginnt das Fest mit einem Festgottesdienst in der Kirche St. Franziskus (17 Uhr) und wird fortgesetzt mit einem \u201egem\u00fctlichen Beisammensein\u201c im Pfarrsaal. F\u00fcr ausreichend Essen, Trinken und guter Laune ist gesorgt. Und an \u00dcberraschungen wird es gewiss auch nicht fehlen!<\/p>\n\n\n\n<figure data-wp-context=\"{&quot;imageId&quot;:&quot;69f25b231efcb&quot;}\" data-wp-interactive=\"core\/image\" data-wp-key=\"69f25b231efcb\" class=\"wp-block-image size-large wp-lightbox-container\"><img loading=\"lazy\" decoding=\"async\" width=\"1024\" height=\"1024\" data-wp-class--hide=\"state.isContentHidden\" data-wp-class--show=\"state.isContentVisible\" data-wp-init=\"callbacks.setButtonStyles\" data-wp-on--click=\"actions.showLightbox\" data-wp-on--load=\"callbacks.setButtonStyles\" data-wp-on-window--resize=\"callbacks.setButtonStyles\" src=\"https:\/\/www.sankturban.de\/wp-content\/uploads\/2025\/11\/DBF-2025-1024x1024.jpg\" alt=\"\" class=\"wp-image-15677\" srcset=\"https:\/\/www.sankturban.de\/wp-content\/uploads\/2025\/11\/DBF-2025-1024x1024.jpg 1024w, https:\/\/www.sankturban.de\/wp-content\/uploads\/2025\/11\/DBF-2025-300x300.jpg 300w, https:\/\/www.sankturban.de\/wp-content\/uploads\/2025\/11\/DBF-2025-150x150.jpg 150w, https:\/\/www.sankturban.de\/wp-content\/uploads\/2025\/11\/DBF-2025-768x768.jpg 768w, https:\/\/www.sankturban.de\/wp-content\/uploads\/2025\/11\/DBF-2025.jpg 1080w\" sizes=\"auto, (max-width: 1024px) 100vw, 1024px\" \/><button\n\t\t\tclass=\"lightbox-trigger\"\n\t\t\ttype=\"button\"\n\t\t\taria-haspopup=\"dialog\"\n\t\t\taria-label=\"Vergr\u00f6\u00dfern\"\n\t\t\tdata-wp-init=\"callbacks.initTriggerButton\"\n\t\t\tdata-wp-on--click=\"actions.showLightbox\"\n\t\t\tdata-wp-style--right=\"state.imageButtonRight\"\n\t\t\tdata-wp-style--top=\"state.imageButtonTop\"\n\t\t>\n\t\t\t<svg xmlns=\"http:\/\/www.w3.org\/2000\/svg\" width=\"12\" height=\"12\" fill=\"none\" viewBox=\"0 0 12 12\">\n\t\t\t\t<path fill=\"#fff\" d=\"M2 0a2 2 0 0 0-2 2v2h1.5V2a.5.5 0 0 1 .5-.5h2V0H2Zm2 10.5H2a.5.5 0 0 1-.5-.5V8H0v2a2 2 0 0 0 2 2h2v-1.5ZM8 12v-1.5h2a.5.5 0 0 0 .5-.5V8H12v2a2 2 0 0 1-2 2H8Zm2-12a2 2 0 0 1 2 2v2h-1.5V2a.5.5 0 0 0-.5-.5H8V0h2Z\" \/>\n\t\t\t<\/svg>\n\t\t<\/button><\/figure>\n","protected":false},"excerpt":{"rendered":"<p>Als im Herbst 1999 vier mehr oder weniger junge Ordensleute ins Pfarrhaus von Obert\u00fcrkheim kamen, da wussten nur wenige, wer Don Bosco ist und was die Ordensbr\u00fcder der Salesianer so machen. Nun feiern wir im kommenden Februar schon zum 25. &hellip; <a href=\"https:\/\/www.sankturban.de\/?p=15676\">Weiterlesen <span class=\"meta-nav\">&rarr;<\/span><\/a><\/p>\n","protected":false},"author":33,"featured_media":0,"comment_status":"closed","ping_status":"closed","sticky":false,"template":"","format":"standard","meta":{"footnotes":""},"categories":[5,8],"tags":[],"class_list":["post-15676","post","type-post","status-publish","format-standard","hentry","category-st-franziskus","category-startseite"],"_links":{"self":[{"href":"https:\/\/www.sankturban.de\/index.php?rest_route=\/wp\/v2\/posts\/15676","targetHints":{"allow":["GET"]}}],"collection":[{"href":"https:\/\/www.sankturban.de\/index.php?rest_route=\/wp\/v2\/posts"}],"about":[{"href":"https:\/\/www.sankturban.de\/index.php?rest_route=\/wp\/v2\/types\/post"}],"author":[{"embeddable":true,"href":"https:\/\/www.sankturban.de\/index.php?rest_route=\/wp\/v2\/users\/33"}],"replies":[{"embeddable":true,"href":"https:\/\/www.sankturban.de\/index.php?rest_route=%2Fwp%2Fv2%2Fcomments&post=15676"}],"version-history":[{"count":1,"href":"https:\/\/www.sankturban.de\/index.php?rest_route=\/wp\/v2\/posts\/15676\/revisions"}],"predecessor-version":[{"id":15679,"href":"https:\/\/www.sankturban.de\/index.php?rest_route=\/wp\/v2\/posts\/15676\/revisions\/15679"}],"wp:attachment":[{"href":"https:\/\/www.sankturban.de\/index.php?rest_route=%2Fwp%2Fv2%2Fmedia&parent=15676"}],"wp:term":[{"taxonomy":"category","embeddable":true,"href":"https:\/\/www.sankturban.de\/index.php?rest_route=%2Fwp%2Fv2%2Fcategories&post=15676"},{"taxonomy":"post_tag","embeddable":true,"href":"https:\/\/www.sankturban.de\/index.php?rest_route=%2Fwp%2Fv2%2Ftags&post=15676"}],"curies":[{"name":"wp","href":"https:\/\/api.w.org\/{rel}","templated":true}]}}