{"id":15418,"date":"2025-07-30T11:46:58","date_gmt":"2025-07-30T10:46:58","guid":{"rendered":"https:\/\/www.sankturban.de\/?p=15418"},"modified":"2025-07-30T11:47:14","modified_gmt":"2025-07-30T10:47:14","slug":"eine-gute-sommerzeit","status":"publish","type":"post","link":"https:\/\/www.sankturban.de\/?p=15418","title":{"rendered":"Eine gute Sommerzeit!"},"content":{"rendered":"<div class=\"wp-block-image\">\n<figure class=\"alignleft size-large is-resized\"><img loading=\"lazy\" decoding=\"async\" width=\"1024\" height=\"952\" src=\"https:\/\/www.sankturban.de\/wp-content\/uploads\/2025\/07\/sommer12-1024x952.jpg\" alt=\"\" class=\"wp-image-15419\" style=\"width:348px;height:auto\" srcset=\"https:\/\/www.sankturban.de\/wp-content\/uploads\/2025\/07\/sommer12-1024x952.jpg 1024w, https:\/\/www.sankturban.de\/wp-content\/uploads\/2025\/07\/sommer12-300x279.jpg 300w, https:\/\/www.sankturban.de\/wp-content\/uploads\/2025\/07\/sommer12-768x714.jpg 768w, https:\/\/www.sankturban.de\/wp-content\/uploads\/2025\/07\/sommer12-1536x1427.jpg 1536w, https:\/\/www.sankturban.de\/wp-content\/uploads\/2025\/07\/sommer12-scaled.jpg 2048w, https:\/\/www.sankturban.de\/wp-content\/uploads\/2025\/07\/sommer12-1320x1227.jpg 1320w\" sizes=\"auto, (max-width: 1024px) 100vw, 1024px\" \/><\/figure>\n<\/div>\n\n\n<p>Allen, die in diesen sommerlichen Tagen Urlaub oder Ferien haben, w\u00fcnschen ich erholsame Tage und Gottes Weggeleit sowie eine gl\u00fcckliche und gesunde Heimkehr.<br \/>Ebenso w\u00fcnsche ich allen, die auch in diesen Tagen arbeiten und so f\u00fcr andere da sind, Gottes Segen und erholsame Momente des Aufatmens (Apg 3,20).<\/p>\n\n\n\n<p>M\u00f6gen die Sommertage f\u00fcr alle zu einer erfrischenden Quelle werden, in denen wir etwas sp\u00fcren d\u00fcrfen von der Erfrischung und St\u00e4rkung, von der Gott im Buch der Offenbarung spricht, wenn er sagt: \u201e<em>Wer durstig ist, den werde ich umsonst aus der Quelle<\/em> trinken lassen, aus der <em>das Wasser des Lebens str\u00f6mt.<\/em>\u201c (Offb 21,6)<\/p>\n\n\n\n<p>Herzliche Einladung zur Mitfeier der Gottesdienste &#8211; gerade auch jetzt in diesen Sommertagen!<\/p>\n\n\n\n<p>Pfarrer Andreas G\u00e4lle<\/p>\n\n\n\n<p>(Bild: unsplash)<\/p>\n","protected":false},"excerpt":{"rendered":"<p>Allen, die in diesen sommerlichen Tagen Urlaub oder Ferien haben, w\u00fcnschen ich erholsame Tage und Gottes Weggeleit sowie eine gl\u00fcckliche und gesunde Heimkehr.Ebenso w\u00fcnsche ich allen, die auch in diesen Tagen arbeiten und so f\u00fcr andere da sind, Gottes Segen &hellip; <a href=\"https:\/\/www.sankturban.de\/?p=15418\">Weiterlesen <span class=\"meta-nav\">&rarr;<\/span><\/a><\/p>\n","protected":false},"author":33,"featured_media":0,"comment_status":"closed","ping_status":"closed","sticky":false,"template":"","format":"standard","meta":{"footnotes":""},"categories":[8],"tags":[],"class_list":["post-15418","post","type-post","status-publish","format-standard","hentry","category-startseite"],"_links":{"self":[{"href":"https:\/\/www.sankturban.de\/index.php?rest_route=\/wp\/v2\/posts\/15418","targetHints":{"allow":["GET"]}}],"collection":[{"href":"https:\/\/www.sankturban.de\/index.php?rest_route=\/wp\/v2\/posts"}],"about":[{"href":"https:\/\/www.sankturban.de\/index.php?rest_route=\/wp\/v2\/types\/post"}],"author":[{"embeddable":true,"href":"https:\/\/www.sankturban.de\/index.php?rest_route=\/wp\/v2\/users\/33"}],"replies":[{"embeddable":true,"href":"https:\/\/www.sankturban.de\/index.php?rest_route=%2Fwp%2Fv2%2Fcomments&post=15418"}],"version-history":[{"count":2,"href":"https:\/\/www.sankturban.de\/index.php?rest_route=\/wp\/v2\/posts\/15418\/revisions"}],"predecessor-version":[{"id":15421,"href":"https:\/\/www.sankturban.de\/index.php?rest_route=\/wp\/v2\/posts\/15418\/revisions\/15421"}],"wp:attachment":[{"href":"https:\/\/www.sankturban.de\/index.php?rest_route=%2Fwp%2Fv2%2Fmedia&parent=15418"}],"wp:term":[{"taxonomy":"category","embeddable":true,"href":"https:\/\/www.sankturban.de\/index.php?rest_route=%2Fwp%2Fv2%2Fcategories&post=15418"},{"taxonomy":"post_tag","embeddable":true,"href":"https:\/\/www.sankturban.de\/index.php?rest_route=%2Fwp%2Fv2%2Ftags&post=15418"}],"curies":[{"name":"wp","href":"https:\/\/api.w.org\/{rel}","templated":true}]}}