{"id":15403,"date":"2025-07-22T08:36:47","date_gmt":"2025-07-22T07:36:47","guid":{"rendered":"https:\/\/www.sankturban.de\/?p=15403"},"modified":"2025-07-22T08:39:23","modified_gmt":"2025-07-22T07:39:23","slug":"christophorusfest-und-verabschiedung-vikar","status":"publish","type":"post","link":"https:\/\/www.sankturban.de\/?p=15403","title":{"rendered":"Christophorusfest und Verabschiedung Vikar"},"content":{"rendered":"<div class=\"wp-block-image\">\n<figure class=\"alignleft size-large is-resized\"><img loading=\"lazy\" decoding=\"async\" width=\"724\" height=\"1024\" src=\"https:\/\/www.sankturban.de\/wp-content\/uploads\/2025\/07\/Christophorusfest_Plakat_2025_A3_HQ-724x1024.jpg\" alt=\"\" class=\"wp-image-15404\" style=\"width:285px;height:auto\" srcset=\"https:\/\/www.sankturban.de\/wp-content\/uploads\/2025\/07\/Christophorusfest_Plakat_2025_A3_HQ-724x1024.jpg 724w, https:\/\/www.sankturban.de\/wp-content\/uploads\/2025\/07\/Christophorusfest_Plakat_2025_A3_HQ-212x300.jpg 212w, https:\/\/www.sankturban.de\/wp-content\/uploads\/2025\/07\/Christophorusfest_Plakat_2025_A3_HQ-768x1087.jpg 768w, https:\/\/www.sankturban.de\/wp-content\/uploads\/2025\/07\/Christophorusfest_Plakat_2025_A3_HQ-1086x1536.jpg 1086w, https:\/\/www.sankturban.de\/wp-content\/uploads\/2025\/07\/Christophorusfest_Plakat_2025_A3_HQ-scaled.jpg 1448w, https:\/\/www.sankturban.de\/wp-content\/uploads\/2025\/07\/Christophorusfest_Plakat_2025_A3_HQ-1320x1867.jpg 1320w\" sizes=\"auto, (max-width: 724px) 100vw, 724px\" \/><\/figure>\n<\/div>\n\n\n<p>Herzliche Einladung zur Eucharistiefeier am kommenden Samstag, 26. Juli, um 18 Uhr in St. Christophorus in Stuttgart-Wangen. <br \/>Daran schlie\u00dfen sich die Fahrzeugsegnung und ein kleiner Stehempfang an. <br \/>Wir wollen zusammen Patrozinium -gemeinsam mit der kroatisch-katholischen Gemeinde- feiern und uns von unserem Vikars Ulrich Letzgus nach zwei Jahren verabschieden.\u00a0\u00a0\u00a0\u00a0<\/p>\n\n\n\n<!--more-->\n\n\n\n<p>Vikar Letzgus wird noch bis Anfang September Dienste in unserer Gesamtkirchengemeinde \u00fcbernehmen. <br \/>Am 14. September k\u00f6nnen wir dann als seinen Nachfolger Vikar Frank Straub begr\u00fc\u00dfen.<\/p>\n\n\n\n<ul class=\"wp-block-list\">\n<li><a href=\"https:\/\/www.kath-kirche-stuttgart.de\/service\/journal\/detail\/von-tretrollern-bis-zu-oldtimern-segen-fuer-alle-die-unterwegs-sind\">Bericht Fahrzeugsegnungen in Stuttgart<\/a><\/li>\n<\/ul>\n\n\n\n<p><\/p>\n","protected":false},"excerpt":{"rendered":"<p>Herzliche Einladung zur Eucharistiefeier am kommenden Samstag, 26. Juli, um 18 Uhr in St. Christophorus in Stuttgart-Wangen. Daran schlie\u00dfen sich die Fahrzeugsegnung und ein kleiner Stehempfang an. Wir wollen zusammen Patrozinium -gemeinsam mit der kroatisch-katholischen Gemeinde- feiern und uns von &hellip; <a href=\"https:\/\/www.sankturban.de\/?p=15403\">Weiterlesen <span class=\"meta-nav\">&rarr;<\/span><\/a><\/p>\n","protected":false},"author":33,"featured_media":0,"comment_status":"closed","ping_status":"closed","sticky":false,"template":"","format":"standard","meta":{"footnotes":""},"categories":[4,8],"tags":[],"class_list":["post-15403","post","type-post","status-publish","format-standard","hentry","category-st-christophorus","category-startseite"],"_links":{"self":[{"href":"https:\/\/www.sankturban.de\/index.php?rest_route=\/wp\/v2\/posts\/15403","targetHints":{"allow":["GET"]}}],"collection":[{"href":"https:\/\/www.sankturban.de\/index.php?rest_route=\/wp\/v2\/posts"}],"about":[{"href":"https:\/\/www.sankturban.de\/index.php?rest_route=\/wp\/v2\/types\/post"}],"author":[{"embeddable":true,"href":"https:\/\/www.sankturban.de\/index.php?rest_route=\/wp\/v2\/users\/33"}],"replies":[{"embeddable":true,"href":"https:\/\/www.sankturban.de\/index.php?rest_route=%2Fwp%2Fv2%2Fcomments&post=15403"}],"version-history":[{"count":3,"href":"https:\/\/www.sankturban.de\/index.php?rest_route=\/wp\/v2\/posts\/15403\/revisions"}],"predecessor-version":[{"id":15408,"href":"https:\/\/www.sankturban.de\/index.php?rest_route=\/wp\/v2\/posts\/15403\/revisions\/15408"}],"wp:attachment":[{"href":"https:\/\/www.sankturban.de\/index.php?rest_route=%2Fwp%2Fv2%2Fmedia&parent=15403"}],"wp:term":[{"taxonomy":"category","embeddable":true,"href":"https:\/\/www.sankturban.de\/index.php?rest_route=%2Fwp%2Fv2%2Fcategories&post=15403"},{"taxonomy":"post_tag","embeddable":true,"href":"https:\/\/www.sankturban.de\/index.php?rest_route=%2Fwp%2Fv2%2Ftags&post=15403"}],"curies":[{"name":"wp","href":"https:\/\/api.w.org\/{rel}","templated":true}]}}