{"id":15386,"date":"2025-07-12T17:22:00","date_gmt":"2025-07-12T16:22:00","guid":{"rendered":"https:\/\/www.sankturban.de\/?p=15386"},"modified":"2025-07-12T17:28:11","modified_gmt":"2025-07-12T16:28:11","slug":"15386","status":"publish","type":"post","link":"https:\/\/www.sankturban.de\/?p=15386","title":{"rendered":"Wechsel an der Vikarsstelle"},"content":{"rendered":"<div class=\"wp-block-image\">\n<figure class=\"alignleft size-full is-resized\"><img loading=\"lazy\" decoding=\"async\" width=\"190\" height=\"188\" src=\"https:\/\/www.sankturban.de\/wp-content\/uploads\/2025\/07\/St_Urban_Logo_klein.jpg\" alt=\"\" class=\"wp-image-15387\" style=\"width:189px;height:auto\"\/><\/figure>\n<\/div>\n\n\n<p>Vikar Ulrich Letzgus wird im September unsere Kirchengemeinden nach seiner zweij\u00e4hrigen Vikarszeit verlassen und danach als Pfarradministrator in der Seelsorgeeinheit Steinlach-Wiesaz (Dekanat Rottenburg) t\u00e4tig sein.<\/p>\n\n\n\n<p>Ab Mitte September wird ihm dann Frank Straub nachfolgen, der in der Gesamtkirchengemeinde St. Urban damit seine zweite Vikarsstelle antritt. Er war zuvor in Ludwigsburg als Vikar t\u00e4tig.<\/p>\n\n\n\n<p>Die Verabschiedung von Vikar Letzgus begehen wir im Rahmen des Christophorusfestes in Stuttgart-Wangen am 26. Juli; seine Nachfolger begr\u00fc\u00dfen wir in den Eucharistiefeiern am 14. September.<\/p>\n\n\n\n<!--more-->\n\n\n\n<p>Schon heute gilt Vikar Ulrich Letzgus mein herzlicher Dank f\u00fcr seinen Dienst in unseren Kirchengemeinden. Vikar Frank Straub gilt ein ebenso herzliches Willkommen und &#8222;Gr\u00fc\u00df Gott&#8220; in den Oberen Neckarvororten!<br \/>Pfarrer Andreas G\u00e4lle<\/p>\n\n\n\n<p><\/p>\n","protected":false},"excerpt":{"rendered":"<p>Vikar Ulrich Letzgus wird im September unsere Kirchengemeinden nach seiner zweij\u00e4hrigen Vikarszeit verlassen und danach als Pfarradministrator in der Seelsorgeeinheit Steinlach-Wiesaz (Dekanat Rottenburg) t\u00e4tig sein. Ab Mitte September wird ihm dann Frank Straub nachfolgen, der in der Gesamtkirchengemeinde St. Urban &hellip; <a href=\"https:\/\/www.sankturban.de\/?p=15386\">Weiterlesen <span class=\"meta-nav\">&rarr;<\/span><\/a><\/p>\n","protected":false},"author":33,"featured_media":0,"comment_status":"closed","ping_status":"closed","sticky":false,"template":"","format":"standard","meta":{"footnotes":""},"categories":[8],"tags":[],"class_list":["post-15386","post","type-post","status-publish","format-standard","hentry","category-startseite"],"_links":{"self":[{"href":"https:\/\/www.sankturban.de\/index.php?rest_route=\/wp\/v2\/posts\/15386","targetHints":{"allow":["GET"]}}],"collection":[{"href":"https:\/\/www.sankturban.de\/index.php?rest_route=\/wp\/v2\/posts"}],"about":[{"href":"https:\/\/www.sankturban.de\/index.php?rest_route=\/wp\/v2\/types\/post"}],"author":[{"embeddable":true,"href":"https:\/\/www.sankturban.de\/index.php?rest_route=\/wp\/v2\/users\/33"}],"replies":[{"embeddable":true,"href":"https:\/\/www.sankturban.de\/index.php?rest_route=%2Fwp%2Fv2%2Fcomments&post=15386"}],"version-history":[{"count":3,"href":"https:\/\/www.sankturban.de\/index.php?rest_route=\/wp\/v2\/posts\/15386\/revisions"}],"predecessor-version":[{"id":15391,"href":"https:\/\/www.sankturban.de\/index.php?rest_route=\/wp\/v2\/posts\/15386\/revisions\/15391"}],"wp:attachment":[{"href":"https:\/\/www.sankturban.de\/index.php?rest_route=%2Fwp%2Fv2%2Fmedia&parent=15386"}],"wp:term":[{"taxonomy":"category","embeddable":true,"href":"https:\/\/www.sankturban.de\/index.php?rest_route=%2Fwp%2Fv2%2Fcategories&post=15386"},{"taxonomy":"post_tag","embeddable":true,"href":"https:\/\/www.sankturban.de\/index.php?rest_route=%2Fwp%2Fv2%2Ftags&post=15386"}],"curies":[{"name":"wp","href":"https:\/\/api.w.org\/{rel}","templated":true}]}}