{"id":15382,"date":"2025-07-10T11:41:45","date_gmt":"2025-07-10T10:41:45","guid":{"rendered":"https:\/\/www.sankturban.de\/?p=15382"},"modified":"2025-07-10T11:42:52","modified_gmt":"2025-07-10T10:42:52","slug":"mitmach-gottesdienst-in-st-johannes-2","status":"publish","type":"post","link":"https:\/\/www.sankturban.de\/?p=15382","title":{"rendered":"MitMach-Gottesdienst in St. Johannes"},"content":{"rendered":"<div class=\"wp-block-image\">\n<figure class=\"alignleft size-large is-resized\"><img loading=\"lazy\" decoding=\"async\" width=\"724\" height=\"1024\" src=\"https:\/\/www.sankturban.de\/wp-content\/uploads\/2025\/07\/20250713_Plakat_MitMach-GottesdienstWeisswurst_St.Johannes_1-724x1024.jpg\" alt=\"\" class=\"wp-image-15383\" style=\"width:314px;height:auto\" srcset=\"https:\/\/www.sankturban.de\/wp-content\/uploads\/2025\/07\/20250713_Plakat_MitMach-GottesdienstWeisswurst_St.Johannes_1-724x1024.jpg 724w, https:\/\/www.sankturban.de\/wp-content\/uploads\/2025\/07\/20250713_Plakat_MitMach-GottesdienstWeisswurst_St.Johannes_1-212x300.jpg 212w, https:\/\/www.sankturban.de\/wp-content\/uploads\/2025\/07\/20250713_Plakat_MitMach-GottesdienstWeisswurst_St.Johannes_1-768x1086.jpg 768w, https:\/\/www.sankturban.de\/wp-content\/uploads\/2025\/07\/20250713_Plakat_MitMach-GottesdienstWeisswurst_St.Johannes_1-1086x1536.jpg 1086w, https:\/\/www.sankturban.de\/wp-content\/uploads\/2025\/07\/20250713_Plakat_MitMach-GottesdienstWeisswurst_St.Johannes_1.jpg 1190w\" sizes=\"auto, (max-width: 724px) 100vw, 724px\" \/><\/figure>\n<\/div>\n\n\n<p>Am Sonntag den 13. Juli 2025 l\u00e4dt das Team MittMach \u2013Gottesdienst zum Thema &#8222;Der Barmherzige Samariter\u201c wieder herzlich zur Mitfeier nach St. Johannes Untert\u00fcrkheim ein. Die Eucharistiefeier beginnt um 10:45 Uhr.<br \/>Treffpunkt ist f\u00fcr alle Kinder die gerne einen Dienst im Gottesdienst \u00fcbernehmen m\u00f6chten bereits um 10:15 Uhr in der Kirche. <br \/>Im Anschluss laden wir alle Gottesdienstbesucher, Mitmach-Kinder und Eltern in das Gemeindezentrum zum Wei\u00dfwurst-Essen herzlich ein.<\/p>\n","protected":false},"excerpt":{"rendered":"<p>Am Sonntag den 13. Juli 2025 l\u00e4dt das Team MittMach \u2013Gottesdienst zum Thema &#8222;Der Barmherzige Samariter\u201c wieder herzlich zur Mitfeier nach St. Johannes Untert\u00fcrkheim ein. Die Eucharistiefeier beginnt um 10:45 Uhr.Treffpunkt ist f\u00fcr alle Kinder die gerne einen Dienst im &hellip; <a href=\"https:\/\/www.sankturban.de\/?p=15382\">Weiterlesen <span class=\"meta-nav\">&rarr;<\/span><\/a><\/p>\n","protected":false},"author":33,"featured_media":0,"comment_status":"closed","ping_status":"closed","sticky":false,"template":"","format":"standard","meta":{"footnotes":""},"categories":[8],"tags":[],"class_list":["post-15382","post","type-post","status-publish","format-standard","hentry","category-startseite"],"_links":{"self":[{"href":"https:\/\/www.sankturban.de\/index.php?rest_route=\/wp\/v2\/posts\/15382","targetHints":{"allow":["GET"]}}],"collection":[{"href":"https:\/\/www.sankturban.de\/index.php?rest_route=\/wp\/v2\/posts"}],"about":[{"href":"https:\/\/www.sankturban.de\/index.php?rest_route=\/wp\/v2\/types\/post"}],"author":[{"embeddable":true,"href":"https:\/\/www.sankturban.de\/index.php?rest_route=\/wp\/v2\/users\/33"}],"replies":[{"embeddable":true,"href":"https:\/\/www.sankturban.de\/index.php?rest_route=%2Fwp%2Fv2%2Fcomments&post=15382"}],"version-history":[{"count":2,"href":"https:\/\/www.sankturban.de\/index.php?rest_route=\/wp\/v2\/posts\/15382\/revisions"}],"predecessor-version":[{"id":15385,"href":"https:\/\/www.sankturban.de\/index.php?rest_route=\/wp\/v2\/posts\/15382\/revisions\/15385"}],"wp:attachment":[{"href":"https:\/\/www.sankturban.de\/index.php?rest_route=%2Fwp%2Fv2%2Fmedia&parent=15382"}],"wp:term":[{"taxonomy":"category","embeddable":true,"href":"https:\/\/www.sankturban.de\/index.php?rest_route=%2Fwp%2Fv2%2Fcategories&post=15382"},{"taxonomy":"post_tag","embeddable":true,"href":"https:\/\/www.sankturban.de\/index.php?rest_route=%2Fwp%2Fv2%2Ftags&post=15382"}],"curies":[{"name":"wp","href":"https:\/\/api.w.org\/{rel}","templated":true}]}}