{"id":15201,"date":"2025-06-05T10:51:21","date_gmt":"2025-06-05T09:51:21","guid":{"rendered":"https:\/\/www.sankturban.de\/?p=15201"},"modified":"2025-06-16T16:25:55","modified_gmt":"2025-06-16T15:25:55","slug":"fronleichnam-fest-der-gegenwart-jesu-in-unserer-welt-2","status":"publish","type":"post","link":"https:\/\/www.sankturban.de\/?p=15201","title":{"rendered":"Fronleichnam: Fest der Gegenwart Jesu in unserer Welt"},"content":{"rendered":"<div class=\"wp-block-image\">\n<figure class=\"alignleft size-large is-resized\"><img loading=\"lazy\" decoding=\"async\" width=\"1024\" height=\"683\" src=\"https:\/\/www.sankturban.de\/wp-content\/uploads\/2025\/06\/Fronleichnam24-2-1024x683.jpeg\" alt=\"\" class=\"wp-image-15202\" style=\"width:402px;height:auto\" srcset=\"https:\/\/www.sankturban.de\/wp-content\/uploads\/2025\/06\/Fronleichnam24-2-1024x683.jpeg 1024w, https:\/\/www.sankturban.de\/wp-content\/uploads\/2025\/06\/Fronleichnam24-2-300x200.jpeg 300w, https:\/\/www.sankturban.de\/wp-content\/uploads\/2025\/06\/Fronleichnam24-2-768x512.jpeg 768w, https:\/\/www.sankturban.de\/wp-content\/uploads\/2025\/06\/Fronleichnam24-2-1536x1024.jpeg 1536w, https:\/\/www.sankturban.de\/wp-content\/uploads\/2025\/06\/Fronleichnam24-2-1320x880.jpeg 1320w, https:\/\/www.sankturban.de\/wp-content\/uploads\/2025\/06\/Fronleichnam24-2.jpeg 1920w\" sizes=\"auto, (max-width: 1024px) 100vw, 1024px\" \/><\/figure>\n<\/div>\n\n\n<p>Die Kirchengemeinden der Gesamtkirchengemeinde St. Urban feiern auch in diesem Jahr das Fronleichnamsfest gemeinsam &#8211; auch in diesem Jahr zusammen mit der polnisch-katholischen Gemeinde. Am Donnerstag, 19. Juni, beginnt die gemeinsame feierliche Eucharistiefeier um 10 Uhr in der Wangener Pfarrkirche St. Christophorus. In diesem Jahr wird Domvikar Dr. Peter D\u00fcckers (Aachen) die Festpredigt halten.<\/p>\n\n\n\n<p>Anschlie\u00dfend beginnt die festliche Prozession am Stationsaltar auf dem Kirchplatz, bevor die Prozession auch in diesem Jahr weiter \u00fcber Salacher Stra\u00dfe und Ulmer Stra\u00dfe zum evangelischen Gemeindehaus f\u00fchrt und dort mit dem feierlichen Schlusssegen endet.<br \/>Musikalisch begleitet wird der Gottesdienst und die Prozession auch in diesem Jahr von einer Bl\u00e4sergruppe (Leitung: Tobias Veit).<\/p>\n\n\n\n<!--more-->\n\n\n\n<p>Im evangelischen Gemeindehaus (Ulmer Stra\u00dfe) sind dann alle Mitfeiernden herzlich zu einem Mittagessen eingeladen. Es gibt Angebote f\u00fcr Kinder.<\/p>\n\n\n\n<p>Der Fronleichnamstag endet mit der feierlichen Fronleichnamsvesper um 18 Uhr in der Pfarrkirche St. Johannes in Untert\u00fcrkheim.<\/p>\n\n\n\n<p>Bereits am Vorabend des Fronleichnamfestes werden die Glocken der katholischen Pfarrkirchen den Festtag um 19.15 Uhr einl\u00e4uten.<\/p>\n\n\n\n<p>Wer einen Fahrdienst von sich zuhause zum Festgottesdienst in Anspruch nehmen m\u00f6chte, kann sich bis Dienstag, 17. Juni, im Pfarramt St. Johannes (Tel.: <a href=\"tel:0711335223\">0711\/335223<\/a>) melden.<\/p>\n\n\n\n<p>Die Ministrantenprobe f\u00fcr Fronleichnam findet am Mittwoch, 18. Juni, um 17.00 Uhr in der St. Christophoruskirche statt.<\/p>\n\n\n\n<ul class=\"wp-block-list\">\n<li><a href=\"https:\/\/www.sankturban.de\/?p=14092\">R\u00fcckblick auf Fronleichnam 2024<\/a><\/li>\n<\/ul>\n\n\n\n<figure class=\"wp-block-gallery has-nested-images columns-4 is-cropped wp-block-gallery-1 is-layout-flex wp-block-gallery-is-layout-flex\">\n<figure data-wp-context=\"{&quot;imageId&quot;:&quot;69f16817ab529&quot;}\" data-wp-interactive=\"core\/image\" data-wp-key=\"69f16817ab529\" class=\"wp-block-image size-large wp-lightbox-container\"><img loading=\"lazy\" decoding=\"async\" width=\"1024\" height=\"768\" data-wp-class--hide=\"state.isContentHidden\" data-wp-class--show=\"state.isContentVisible\" data-wp-init=\"callbacks.setButtonStyles\" data-wp-on--click=\"actions.showLightbox\" data-wp-on--load=\"callbacks.setButtonStyles\" data-wp-on-window--resize=\"callbacks.setButtonStyles\" data-id=\"15204\" src=\"https:\/\/www.sankturban.de\/wp-content\/uploads\/2025\/06\/Fronleichnam24-3-1024x768.jpg\" alt=\"\" class=\"wp-image-15204\" srcset=\"https:\/\/www.sankturban.de\/wp-content\/uploads\/2025\/06\/Fronleichnam24-3-1024x768.jpg 1024w, https:\/\/www.sankturban.de\/wp-content\/uploads\/2025\/06\/Fronleichnam24-3-300x225.jpg 300w, https:\/\/www.sankturban.de\/wp-content\/uploads\/2025\/06\/Fronleichnam24-3-768x576.jpg 768w, https:\/\/www.sankturban.de\/wp-content\/uploads\/2025\/06\/Fronleichnam24-3-1536x1152.jpg 1536w, https:\/\/www.sankturban.de\/wp-content\/uploads\/2025\/06\/Fronleichnam24-3-1320x990.jpg 1320w, https:\/\/www.sankturban.de\/wp-content\/uploads\/2025\/06\/Fronleichnam24-3.jpg 2048w\" sizes=\"auto, (max-width: 1024px) 100vw, 1024px\" \/><button\n\t\t\tclass=\"lightbox-trigger\"\n\t\t\ttype=\"button\"\n\t\t\taria-haspopup=\"dialog\"\n\t\t\taria-label=\"Vergr\u00f6\u00dfern\"\n\t\t\tdata-wp-init=\"callbacks.initTriggerButton\"\n\t\t\tdata-wp-on--click=\"actions.showLightbox\"\n\t\t\tdata-wp-style--right=\"state.imageButtonRight\"\n\t\t\tdata-wp-style--top=\"state.imageButtonTop\"\n\t\t>\n\t\t\t<svg xmlns=\"http:\/\/www.w3.org\/2000\/svg\" width=\"12\" height=\"12\" fill=\"none\" viewBox=\"0 0 12 12\">\n\t\t\t\t<path fill=\"#fff\" d=\"M2 0a2 2 0 0 0-2 2v2h1.5V2a.5.5 0 0 1 .5-.5h2V0H2Zm2 10.5H2a.5.5 0 0 1-.5-.5V8H0v2a2 2 0 0 0 2 2h2v-1.5ZM8 12v-1.5h2a.5.5 0 0 0 .5-.5V8H12v2a2 2 0 0 1-2 2H8Zm2-12a2 2 0 0 1 2 2v2h-1.5V2a.5.5 0 0 0-.5-.5H8V0h2Z\" \/>\n\t\t\t<\/svg>\n\t\t<\/button><\/figure>\n\n\n\n<figure data-wp-context=\"{&quot;imageId&quot;:&quot;69f16817ac02d&quot;}\" data-wp-interactive=\"core\/image\" data-wp-key=\"69f16817ac02d\" class=\"wp-block-image size-large wp-lightbox-container\"><img loading=\"lazy\" decoding=\"async\" width=\"724\" height=\"1024\" data-wp-class--hide=\"state.isContentHidden\" data-wp-class--show=\"state.isContentVisible\" data-wp-init=\"callbacks.setButtonStyles\" data-wp-on--click=\"actions.showLightbox\" data-wp-on--load=\"callbacks.setButtonStyles\" data-wp-on-window--resize=\"callbacks.setButtonStyles\" data-id=\"15322\" src=\"https:\/\/www.sankturban.de\/wp-content\/uploads\/2025\/06\/2025.6-Fronleichnam-Plakat-2-724x1024.jpg\" alt=\"\" class=\"wp-image-15322\" srcset=\"https:\/\/www.sankturban.de\/wp-content\/uploads\/2025\/06\/2025.6-Fronleichnam-Plakat-2-724x1024.jpg 724w, https:\/\/www.sankturban.de\/wp-content\/uploads\/2025\/06\/2025.6-Fronleichnam-Plakat-2-212x300.jpg 212w, https:\/\/www.sankturban.de\/wp-content\/uploads\/2025\/06\/2025.6-Fronleichnam-Plakat-2-768x1086.jpg 768w, https:\/\/www.sankturban.de\/wp-content\/uploads\/2025\/06\/2025.6-Fronleichnam-Plakat-2-1086x1536.jpg 1086w, https:\/\/www.sankturban.de\/wp-content\/uploads\/2025\/06\/2025.6-Fronleichnam-Plakat-2.jpg 1190w\" sizes=\"auto, (max-width: 724px) 100vw, 724px\" \/><button\n\t\t\tclass=\"lightbox-trigger\"\n\t\t\ttype=\"button\"\n\t\t\taria-haspopup=\"dialog\"\n\t\t\taria-label=\"Vergr\u00f6\u00dfern\"\n\t\t\tdata-wp-init=\"callbacks.initTriggerButton\"\n\t\t\tdata-wp-on--click=\"actions.showLightbox\"\n\t\t\tdata-wp-style--right=\"state.imageButtonRight\"\n\t\t\tdata-wp-style--top=\"state.imageButtonTop\"\n\t\t>\n\t\t\t<svg xmlns=\"http:\/\/www.w3.org\/2000\/svg\" width=\"12\" height=\"12\" fill=\"none\" viewBox=\"0 0 12 12\">\n\t\t\t\t<path fill=\"#fff\" d=\"M2 0a2 2 0 0 0-2 2v2h1.5V2a.5.5 0 0 1 .5-.5h2V0H2Zm2 10.5H2a.5.5 0 0 1-.5-.5V8H0v2a2 2 0 0 0 2 2h2v-1.5ZM8 12v-1.5h2a.5.5 0 0 0 .5-.5V8H12v2a2 2 0 0 1-2 2H8Zm2-12a2 2 0 0 1 2 2v2h-1.5V2a.5.5 0 0 0-.5-.5H8V0h2Z\" \/>\n\t\t\t<\/svg>\n\t\t<\/button><\/figure>\n\n\n\n<figure data-wp-context=\"{&quot;imageId&quot;:&quot;69f16817acab5&quot;}\" data-wp-interactive=\"core\/image\" data-wp-key=\"69f16817acab5\" class=\"wp-block-image size-large wp-lightbox-container\"><img loading=\"lazy\" decoding=\"async\" width=\"1024\" height=\"683\" data-wp-class--hide=\"state.isContentHidden\" data-wp-class--show=\"state.isContentVisible\" data-wp-init=\"callbacks.setButtonStyles\" data-wp-on--click=\"actions.showLightbox\" data-wp-on--load=\"callbacks.setButtonStyles\" data-wp-on-window--resize=\"callbacks.setButtonStyles\" data-id=\"15206\" src=\"https:\/\/www.sankturban.de\/wp-content\/uploads\/2025\/06\/Fronleichnam24-1-1-1024x683.jpeg\" alt=\"\" class=\"wp-image-15206\" srcset=\"https:\/\/www.sankturban.de\/wp-content\/uploads\/2025\/06\/Fronleichnam24-1-1-1024x683.jpeg 1024w, https:\/\/www.sankturban.de\/wp-content\/uploads\/2025\/06\/Fronleichnam24-1-1-300x200.jpeg 300w, https:\/\/www.sankturban.de\/wp-content\/uploads\/2025\/06\/Fronleichnam24-1-1-768x512.jpeg 768w, https:\/\/www.sankturban.de\/wp-content\/uploads\/2025\/06\/Fronleichnam24-1-1-1536x1024.jpeg 1536w, https:\/\/www.sankturban.de\/wp-content\/uploads\/2025\/06\/Fronleichnam24-1-1-1320x880.jpeg 1320w, https:\/\/www.sankturban.de\/wp-content\/uploads\/2025\/06\/Fronleichnam24-1-1.jpeg 1920w\" sizes=\"auto, (max-width: 1024px) 100vw, 1024px\" \/><button\n\t\t\tclass=\"lightbox-trigger\"\n\t\t\ttype=\"button\"\n\t\t\taria-haspopup=\"dialog\"\n\t\t\taria-label=\"Vergr\u00f6\u00dfern\"\n\t\t\tdata-wp-init=\"callbacks.initTriggerButton\"\n\t\t\tdata-wp-on--click=\"actions.showLightbox\"\n\t\t\tdata-wp-style--right=\"state.imageButtonRight\"\n\t\t\tdata-wp-style--top=\"state.imageButtonTop\"\n\t\t>\n\t\t\t<svg xmlns=\"http:\/\/www.w3.org\/2000\/svg\" width=\"12\" height=\"12\" fill=\"none\" viewBox=\"0 0 12 12\">\n\t\t\t\t<path fill=\"#fff\" d=\"M2 0a2 2 0 0 0-2 2v2h1.5V2a.5.5 0 0 1 .5-.5h2V0H2Zm2 10.5H2a.5.5 0 0 1-.5-.5V8H0v2a2 2 0 0 0 2 2h2v-1.5ZM8 12v-1.5h2a.5.5 0 0 0 .5-.5V8H12v2a2 2 0 0 1-2 2H8Zm2-12a2 2 0 0 1 2 2v2h-1.5V2a.5.5 0 0 0-.5-.5H8V0h2Z\" \/>\n\t\t\t<\/svg>\n\t\t<\/button><\/figure>\n\n\n\n<figure data-wp-context=\"{&quot;imageId&quot;:&quot;69f16817ad529&quot;}\" data-wp-interactive=\"core\/image\" data-wp-key=\"69f16817ad529\" class=\"wp-block-image size-large wp-lightbox-container\"><img loading=\"lazy\" decoding=\"async\" width=\"724\" height=\"1024\" data-wp-class--hide=\"state.isContentHidden\" data-wp-class--show=\"state.isContentVisible\" data-wp-init=\"callbacks.setButtonStyles\" data-wp-on--click=\"actions.showLightbox\" data-wp-on--load=\"callbacks.setButtonStyles\" data-wp-on-window--resize=\"callbacks.setButtonStyles\" data-id=\"15321\" src=\"https:\/\/www.sankturban.de\/wp-content\/uploads\/2025\/06\/Einladung-Fronleichnam-polnisch-2025-_1-724x1024.jpg\" alt=\"\" class=\"wp-image-15321\" srcset=\"https:\/\/www.sankturban.de\/wp-content\/uploads\/2025\/06\/Einladung-Fronleichnam-polnisch-2025-_1-724x1024.jpg 724w, https:\/\/www.sankturban.de\/wp-content\/uploads\/2025\/06\/Einladung-Fronleichnam-polnisch-2025-_1-212x300.jpg 212w, https:\/\/www.sankturban.de\/wp-content\/uploads\/2025\/06\/Einladung-Fronleichnam-polnisch-2025-_1-768x1086.jpg 768w, https:\/\/www.sankturban.de\/wp-content\/uploads\/2025\/06\/Einladung-Fronleichnam-polnisch-2025-_1-1086x1536.jpg 1086w, https:\/\/www.sankturban.de\/wp-content\/uploads\/2025\/06\/Einladung-Fronleichnam-polnisch-2025-_1.jpg 1190w\" sizes=\"auto, (max-width: 724px) 100vw, 724px\" \/><button\n\t\t\tclass=\"lightbox-trigger\"\n\t\t\ttype=\"button\"\n\t\t\taria-haspopup=\"dialog\"\n\t\t\taria-label=\"Vergr\u00f6\u00dfern\"\n\t\t\tdata-wp-init=\"callbacks.initTriggerButton\"\n\t\t\tdata-wp-on--click=\"actions.showLightbox\"\n\t\t\tdata-wp-style--right=\"state.imageButtonRight\"\n\t\t\tdata-wp-style--top=\"state.imageButtonTop\"\n\t\t>\n\t\t\t<svg xmlns=\"http:\/\/www.w3.org\/2000\/svg\" width=\"12\" height=\"12\" fill=\"none\" viewBox=\"0 0 12 12\">\n\t\t\t\t<path fill=\"#fff\" d=\"M2 0a2 2 0 0 0-2 2v2h1.5V2a.5.5 0 0 1 .5-.5h2V0H2Zm2 10.5H2a.5.5 0 0 1-.5-.5V8H0v2a2 2 0 0 0 2 2h2v-1.5ZM8 12v-1.5h2a.5.5 0 0 0 .5-.5V8H12v2a2 2 0 0 1-2 2H8Zm2-12a2 2 0 0 1 2 2v2h-1.5V2a.5.5 0 0 0-.5-.5H8V0h2Z\" \/>\n\t\t\t<\/svg>\n\t\t<\/button><\/figure>\n<\/figure>\n","protected":false},"excerpt":{"rendered":"<p>Die Kirchengemeinden der Gesamtkirchengemeinde St. Urban feiern auch in diesem Jahr das Fronleichnamsfest gemeinsam &#8211; auch in diesem Jahr zusammen mit der polnisch-katholischen Gemeinde. Am Donnerstag, 19. Juni, beginnt die gemeinsame feierliche Eucharistiefeier um 10 Uhr in der Wangener Pfarrkirche &hellip; <a href=\"https:\/\/www.sankturban.de\/?p=15201\">Weiterlesen <span class=\"meta-nav\">&rarr;<\/span><\/a><\/p>\n","protected":false},"author":33,"featured_media":0,"comment_status":"closed","ping_status":"closed","sticky":false,"template":"","format":"standard","meta":{"footnotes":""},"categories":[4,5,6,7,8],"tags":[],"class_list":["post-15201","post","type-post","status-publish","format-standard","hentry","category-st-christophorus","category-st-franziskus","category-st-johannes","category-st-markus","category-startseite"],"_links":{"self":[{"href":"https:\/\/www.sankturban.de\/index.php?rest_route=\/wp\/v2\/posts\/15201","targetHints":{"allow":["GET"]}}],"collection":[{"href":"https:\/\/www.sankturban.de\/index.php?rest_route=\/wp\/v2\/posts"}],"about":[{"href":"https:\/\/www.sankturban.de\/index.php?rest_route=\/wp\/v2\/types\/post"}],"author":[{"embeddable":true,"href":"https:\/\/www.sankturban.de\/index.php?rest_route=\/wp\/v2\/users\/33"}],"replies":[{"embeddable":true,"href":"https:\/\/www.sankturban.de\/index.php?rest_route=%2Fwp%2Fv2%2Fcomments&post=15201"}],"version-history":[{"count":7,"href":"https:\/\/www.sankturban.de\/index.php?rest_route=\/wp\/v2\/posts\/15201\/revisions"}],"predecessor-version":[{"id":15326,"href":"https:\/\/www.sankturban.de\/index.php?rest_route=\/wp\/v2\/posts\/15201\/revisions\/15326"}],"wp:attachment":[{"href":"https:\/\/www.sankturban.de\/index.php?rest_route=%2Fwp%2Fv2%2Fmedia&parent=15201"}],"wp:term":[{"taxonomy":"category","embeddable":true,"href":"https:\/\/www.sankturban.de\/index.php?rest_route=%2Fwp%2Fv2%2Fcategories&post=15201"},{"taxonomy":"post_tag","embeddable":true,"href":"https:\/\/www.sankturban.de\/index.php?rest_route=%2Fwp%2Fv2%2Ftags&post=15201"}],"curies":[{"name":"wp","href":"https:\/\/api.w.org\/{rel}","templated":true}]}}