{"id":15167,"date":"2025-05-27T11:52:49","date_gmt":"2025-05-27T10:52:49","guid":{"rendered":"https:\/\/www.sankturban.de\/?p=15167"},"modified":"2025-05-27T18:20:42","modified_gmt":"2025-05-27T17:20:42","slug":"gottesdienste-an-christi-himmelfahrt","status":"publish","type":"post","link":"https:\/\/www.sankturban.de\/?p=15167","title":{"rendered":"Gottesdienste an Christi Himmelfahrt"},"content":{"rendered":"<div class=\"wp-block-image\">\n<figure class=\"alignleft size-large is-resized\"><img loading=\"lazy\" decoding=\"async\" width=\"1024\" height=\"683\" src=\"https:\/\/www.sankturban.de\/wp-content\/uploads\/2025\/05\/himmelstreppe_by_rudi_berzl_pfarrbriefservice-1024x683.jpg\" alt=\"\" class=\"wp-image-15168\" style=\"width:296px;height:auto\" srcset=\"https:\/\/www.sankturban.de\/wp-content\/uploads\/2025\/05\/himmelstreppe_by_rudi_berzl_pfarrbriefservice-1024x683.jpg 1024w, https:\/\/www.sankturban.de\/wp-content\/uploads\/2025\/05\/himmelstreppe_by_rudi_berzl_pfarrbriefservice-300x200.jpg 300w, https:\/\/www.sankturban.de\/wp-content\/uploads\/2025\/05\/himmelstreppe_by_rudi_berzl_pfarrbriefservice-768x512.jpg 768w, https:\/\/www.sankturban.de\/wp-content\/uploads\/2025\/05\/himmelstreppe_by_rudi_berzl_pfarrbriefservice-1320x880.jpg 1320w, https:\/\/www.sankturban.de\/wp-content\/uploads\/2025\/05\/himmelstreppe_by_rudi_berzl_pfarrbriefservice.jpg 1500w\" sizes=\"auto, (max-width: 1024px) 100vw, 1024px\" \/><\/figure>\n<\/div>\n\n\n<p>Am Fest Christi Himmelfahrt,Donnerstag, 29. Mai, feiern wir die Eucharistie in St. Johannes Untert\u00fcrkheim um 10.45 Uhr. Im Anschluss an den Gottesdienst f\u00fchrt eine Prozession \u00fcber die \u00fcber die Scherrenstra\u00dfe zum Scherrenbuckel dann zur Sattelstra\u00dfe. Dort ist der Abschluss der Prozession und es gibt es ein Mittagessen mit anschlie\u00dfendem Kaffee und Geb\u00e4ck .<\/p>\n\n\n\n<p>In St. Franziskus Obert\u00fcrkheim und St. Christophorus in Wangen wird die Messe um 9.30 Uhr an Christi Himmelfahrt gefeiert, in St. Markus in Hedelfingen dann um 10.45 Uhr.<\/p>\n\n\n\n<!--more-->\n\n\n\n<p>Herzliche Einladung zur Mitfeier der Gottesdienste und zum Beisammensein im Gemeindezentrum Untert\u00fcrkheim, Warthstr. 16.<\/p>\n\n\n\n<figure class=\"wp-block-image size-large\"><img loading=\"lazy\" decoding=\"async\" width=\"724\" height=\"1024\" src=\"https:\/\/www.sankturban.de\/wp-content\/uploads\/2025\/05\/Plakat-Himmelfahrt2025-724x1024.jpg\" alt=\"\" class=\"wp-image-15169\" srcset=\"https:\/\/www.sankturban.de\/wp-content\/uploads\/2025\/05\/Plakat-Himmelfahrt2025-724x1024.jpg 724w, https:\/\/www.sankturban.de\/wp-content\/uploads\/2025\/05\/Plakat-Himmelfahrt2025-212x300.jpg 212w, https:\/\/www.sankturban.de\/wp-content\/uploads\/2025\/05\/Plakat-Himmelfahrt2025-768x1086.jpg 768w, https:\/\/www.sankturban.de\/wp-content\/uploads\/2025\/05\/Plakat-Himmelfahrt2025-1086x1536.jpg 1086w, https:\/\/www.sankturban.de\/wp-content\/uploads\/2025\/05\/Plakat-Himmelfahrt2025.jpg 1190w\" sizes=\"auto, (max-width: 724px) 100vw, 724px\" \/><\/figure>\n\n\n\n<p>(Bild: Rudi Berzl, in: Pfarrbriefservice.de)<\/p>\n","protected":false},"excerpt":{"rendered":"<p>Am Fest Christi Himmelfahrt,Donnerstag, 29. Mai, feiern wir die Eucharistie in St. Johannes Untert\u00fcrkheim um 10.45 Uhr. Im Anschluss an den Gottesdienst f\u00fchrt eine Prozession \u00fcber die \u00fcber die Scherrenstra\u00dfe zum Scherrenbuckel dann zur Sattelstra\u00dfe. Dort ist der Abschluss der &hellip; <a href=\"https:\/\/www.sankturban.de\/?p=15167\">Weiterlesen <span class=\"meta-nav\">&rarr;<\/span><\/a><\/p>\n","protected":false},"author":33,"featured_media":0,"comment_status":"closed","ping_status":"closed","sticky":false,"template":"","format":"standard","meta":{"footnotes":""},"categories":[8],"tags":[],"class_list":["post-15167","post","type-post","status-publish","format-standard","hentry","category-startseite"],"_links":{"self":[{"href":"https:\/\/www.sankturban.de\/index.php?rest_route=\/wp\/v2\/posts\/15167","targetHints":{"allow":["GET"]}}],"collection":[{"href":"https:\/\/www.sankturban.de\/index.php?rest_route=\/wp\/v2\/posts"}],"about":[{"href":"https:\/\/www.sankturban.de\/index.php?rest_route=\/wp\/v2\/types\/post"}],"author":[{"embeddable":true,"href":"https:\/\/www.sankturban.de\/index.php?rest_route=\/wp\/v2\/users\/33"}],"replies":[{"embeddable":true,"href":"https:\/\/www.sankturban.de\/index.php?rest_route=%2Fwp%2Fv2%2Fcomments&post=15167"}],"version-history":[{"count":2,"href":"https:\/\/www.sankturban.de\/index.php?rest_route=\/wp\/v2\/posts\/15167\/revisions"}],"predecessor-version":[{"id":15171,"href":"https:\/\/www.sankturban.de\/index.php?rest_route=\/wp\/v2\/posts\/15167\/revisions\/15171"}],"wp:attachment":[{"href":"https:\/\/www.sankturban.de\/index.php?rest_route=%2Fwp%2Fv2%2Fmedia&parent=15167"}],"wp:term":[{"taxonomy":"category","embeddable":true,"href":"https:\/\/www.sankturban.de\/index.php?rest_route=%2Fwp%2Fv2%2Fcategories&post=15167"},{"taxonomy":"post_tag","embeddable":true,"href":"https:\/\/www.sankturban.de\/index.php?rest_route=%2Fwp%2Fv2%2Ftags&post=15167"}],"curies":[{"name":"wp","href":"https:\/\/api.w.org\/{rel}","templated":true}]}}