{"id":15164,"date":"2025-05-27T11:45:46","date_gmt":"2025-05-27T10:45:46","guid":{"rendered":"https:\/\/www.sankturban.de\/?p=15164"},"modified":"2025-06-05T11:28:02","modified_gmt":"2025-06-05T10:28:02","slug":"groesste-wallfahrt-in-der-dioezese-blutfreitag-in-weingarten","status":"publish","type":"post","link":"https:\/\/www.sankturban.de\/?p=15164","title":{"rendered":"Gr\u00f6\u00dfte Wallfahrt in der Di\u00f6zese: Blutfreitag in Weingarten"},"content":{"rendered":"\n<p>Auch in diesem Jahr finden wieder die Blutfreitagsfeierlichkeiten in Weingarten statt. Am Abend von Christi Himmelfahrt wird eine gro\u00dfe Lichterprozession mit tausenden Gl\u00e4ubigen stattfinden und am Blutfreitag selbst (30. Mai) dann die gro\u00dfe Reiterprozession mit fast 2.000 Pferden durch die Stadt und das \u00d6sch.<\/p>\n\n\n\n<p><a href=\"https:\/\/www.bistum-speyer.de\/bistum\/leitung\/bischof\/\">Bischof Karl-Heinz Wiesemann (Speyer) <\/a>ist kirchlicher Ehrengast im Heiligen Jahr, der weltliche Ehrengast ist <a href=\"https:\/\/www.schwaebische.de\/regional\/ulm-alb-donau\/ehingen\/cdu-landeschef-bereitet-sich-im-sattel-auf-den-blutritt-in-weingarten-vor-news-3617851\">Manuel Hagel MdL.<\/a><\/p>\n\n\n\n<p>Am Blutfreitag 30. Mai <a href=\"https:\/\/www.swr.de\/swraktuell\/baden-wuerttemberg\/friedrichshafen\/tausende-reiter-bei-groesster-reiterprozession-europas-blutritt-in-weingarten-2025-100.html\">finden Sie hier<\/a> den Link zum Livestream im SWR.<\/p>\n\n\n\n<figure class=\"wp-block-image size-large\"><img loading=\"lazy\" decoding=\"async\" width=\"1024\" height=\"683\" src=\"https:\/\/www.sankturban.de\/wp-content\/uploads\/2025\/05\/PNG_Web-Blutritt-Weingarten-2022-1024x683.png\" alt=\"\" class=\"wp-image-15165\" srcset=\"https:\/\/www.sankturban.de\/wp-content\/uploads\/2025\/05\/PNG_Web-Blutritt-Weingarten-2022-1024x683.png 1024w, https:\/\/www.sankturban.de\/wp-content\/uploads\/2025\/05\/PNG_Web-Blutritt-Weingarten-2022-300x200.png 300w, https:\/\/www.sankturban.de\/wp-content\/uploads\/2025\/05\/PNG_Web-Blutritt-Weingarten-2022-768x512.png 768w, https:\/\/www.sankturban.de\/wp-content\/uploads\/2025\/05\/PNG_Web-Blutritt-Weingarten-2022-1536x1024.png 1536w, https:\/\/www.sankturban.de\/wp-content\/uploads\/2025\/05\/PNG_Web-Blutritt-Weingarten-2022-1320x880.png 1320w, https:\/\/www.sankturban.de\/wp-content\/uploads\/2025\/05\/PNG_Web-Blutritt-Weingarten-2022.png 1920w\" sizes=\"auto, (max-width: 1024px) 100vw, 1024px\" \/><\/figure>\n\n\n\n<ul class=\"wp-block-list\">\n<li><a href=\"https:\/\/www.drs.de\/ansicht\/artikel\/weingartener-blutritt-als-pilgerweg-der-hoffnung.html\">Blutritt als &#8222;Pilgerweg der Hoffnung&#8220;<\/a><\/li>\n\n\n\n<li><a href=\"https:\/\/katholisch-weingarten.de\/blutfreitag\/\">Der Blutfreitag in Weingarten<\/a><\/li>\n\n\n\n<li><a href=\"https:\/\/www.stadt-weingarten.de\/kultur-freizeit-tourismus\/tourismus\/barock-basilika-blutfreitag\/blutfreitag\">Festprogramm am 29.\/30. Mai 2025<\/a><\/li>\n<\/ul>\n\n\n\n<p>(Bild: Di\u00f6zese Rottenburg-Stuttgart \/ Markus Waggershauser)<\/p>\n","protected":false},"excerpt":{"rendered":"<p>Auch in diesem Jahr finden wieder die Blutfreitagsfeierlichkeiten in Weingarten statt. Am Abend von Christi Himmelfahrt wird eine gro\u00dfe Lichterprozession mit tausenden Gl\u00e4ubigen stattfinden und am Blutfreitag selbst (30. Mai) dann die gro\u00dfe Reiterprozession mit fast 2.000 Pferden durch die &hellip; <a href=\"https:\/\/www.sankturban.de\/?p=15164\">Weiterlesen <span class=\"meta-nav\">&rarr;<\/span><\/a><\/p>\n","protected":false},"author":33,"featured_media":0,"comment_status":"closed","ping_status":"closed","sticky":false,"template":"","format":"standard","meta":{"footnotes":""},"categories":[67],"tags":[],"class_list":["post-15164","post","type-post","status-publish","format-standard","hentry","category-news"],"_links":{"self":[{"href":"https:\/\/www.sankturban.de\/index.php?rest_route=\/wp\/v2\/posts\/15164","targetHints":{"allow":["GET"]}}],"collection":[{"href":"https:\/\/www.sankturban.de\/index.php?rest_route=\/wp\/v2\/posts"}],"about":[{"href":"https:\/\/www.sankturban.de\/index.php?rest_route=\/wp\/v2\/types\/post"}],"author":[{"embeddable":true,"href":"https:\/\/www.sankturban.de\/index.php?rest_route=\/wp\/v2\/users\/33"}],"replies":[{"embeddable":true,"href":"https:\/\/www.sankturban.de\/index.php?rest_route=%2Fwp%2Fv2%2Fcomments&post=15164"}],"version-history":[{"count":5,"href":"https:\/\/www.sankturban.de\/index.php?rest_route=\/wp\/v2\/posts\/15164\/revisions"}],"predecessor-version":[{"id":15208,"href":"https:\/\/www.sankturban.de\/index.php?rest_route=\/wp\/v2\/posts\/15164\/revisions\/15208"}],"wp:attachment":[{"href":"https:\/\/www.sankturban.de\/index.php?rest_route=%2Fwp%2Fv2%2Fmedia&parent=15164"}],"wp:term":[{"taxonomy":"category","embeddable":true,"href":"https:\/\/www.sankturban.de\/index.php?rest_route=%2Fwp%2Fv2%2Fcategories&post=15164"},{"taxonomy":"post_tag","embeddable":true,"href":"https:\/\/www.sankturban.de\/index.php?rest_route=%2Fwp%2Fv2%2Ftags&post=15164"}],"curies":[{"name":"wp","href":"https:\/\/api.w.org\/{rel}","templated":true}]}}