{"id":15113,"date":"2025-05-13T21:53:33","date_gmt":"2025-05-13T20:53:33","guid":{"rendered":"https:\/\/www.sankturban.de\/?p=15113"},"modified":"2025-05-16T12:09:51","modified_gmt":"2025-05-16T11:09:51","slug":"gottesdienste-am-tag-der-einfuehrung-von-papst-leo","status":"publish","type":"post","link":"https:\/\/www.sankturban.de\/?p=15113","title":{"rendered":"18. Mai: Gottesdienste am Tag der Einf\u00fchrung von Papst Leo"},"content":{"rendered":"<div class=\"wp-block-image\">\n<figure class=\"alignleft size-large is-resized\"><img loading=\"lazy\" decoding=\"async\" width=\"683\" height=\"1024\" src=\"https:\/\/www.sankturban.de\/wp-content\/uploads\/2025\/05\/250509-0916-000091-683x1024.jpg\" alt=\"\" class=\"wp-image-15124\" style=\"width:280px;height:auto\" srcset=\"https:\/\/www.sankturban.de\/wp-content\/uploads\/2025\/05\/250509-0916-000091-683x1024.jpg 683w, https:\/\/www.sankturban.de\/wp-content\/uploads\/2025\/05\/250509-0916-000091-200x300.jpg 200w, https:\/\/www.sankturban.de\/wp-content\/uploads\/2025\/05\/250509-0916-000091-768x1152.jpg 768w, https:\/\/www.sankturban.de\/wp-content\/uploads\/2025\/05\/250509-0916-000091-1024x1536.jpg 1024w, https:\/\/www.sankturban.de\/wp-content\/uploads\/2025\/05\/250509-0916-000091-scaled.jpg 1365w, https:\/\/www.sankturban.de\/wp-content\/uploads\/2025\/05\/250509-0916-000091-1320x1980.jpg 1320w\" sizes=\"auto, (max-width: 683px) 100vw, 683px\" \/><\/figure>\n<\/div>\n\n\n<p>Auch die Katholikinnen und Katholiken in den Oberen Neckarvororten freuen sich, dass mit Papst Leo XIV. der Bischofstuhl von Rom wieder besetzt ist. Nach der Bekanntgabe der Wahl auf dem Petersplatz l\u00e4uteten auch die Kirchenglocken in Untert\u00fcrkheim, Obert\u00fcrkheim und Wangen. Die vier katholischen Pfarrkirchen wurden beflaggt.<br \/><br \/>Am Tag der Amtseinf\u00fchrung von Papst Leo, der mit b\u00fcrgerlichem Namen Robert Francis Prevost hei\u00dft, wird am kommenden Sonntag, 18. Mai, in den katholischen Gottesdiensten das festliche &#8222;Te Deum&#8220; angestimmt und in besonderer Weise dem neuen Pontifex Maximus im F\u00fcrbittgebet gedacht. Zudem werden am 18. Mai abermals die Kirchenglocken in der ganzen Di\u00f6zese Rottenburg Stuttgart um 12 Uhr f\u00fcr 15 Minuten lang l\u00e4uten und so zum Gebet f\u00fcr den neuen Papst einladen.<\/p>\n\n\n\n<!--more-->\n\n\n\n<p>Am Ostermontag starb sein Vorg\u00e4nger Franziskus in den Morgenstunden. Nun zeigen sich viele Gl\u00e4ubige froh und erleichtert, dass nach einer so kurzen Zeit der neue Papst bereits im vierten Wahlgang gew\u00e4hlt wurde.<\/p>\n\n\n\n<p>Die Eucharistiefeiern finden am Sonntag, 18. Mai, um 9.30 Uhr in St. Christophorus Wangen und um 10.45 Uhr in St. Johannes Untert\u00fcrkheim statt. Die Vorabendmesse wird am Samstag um 18 Uhr in St. Markus Hedelfingen gefeiert und in St. Franziskus Obert\u00fcrkheim Finder der Gottesdienst am Sonntag um 9.30 Uhr statt.<\/p>\n\n\n\n<p>Das <a href=\"https:\/\/www.zdf.de\/magazine\/zdfspezial-128\">ZDF \u00fcbertr\u00e4gt ab 9.30 Uhr die Amtseinf\u00fchrung vom Petersplatz in seinem Fernsehprogramm<\/a> und selbstverst\u00e4ndlich berichtet auch <a href=\"https:\/\/www.vaticannews.va\/de.html\">Vatican News<\/a> (fr\u00fcher: Radio Vatikan) live aus Rom.<\/p>\n\n\n\n<figure class=\"wp-block-image size-large\"><img loading=\"lazy\" decoding=\"async\" width=\"1024\" height=\"898\" src=\"https:\/\/www.sankturban.de\/wp-content\/uploads\/2025\/05\/Foto-Deutsche-Bischofskonferenz-Jessica-Kraemer--1024x898.jpg\" alt=\"\" class=\"wp-image-15114\" srcset=\"https:\/\/www.sankturban.de\/wp-content\/uploads\/2025\/05\/Foto-Deutsche-Bischofskonferenz-Jessica-Kraemer--1024x898.jpg 1024w, https:\/\/www.sankturban.de\/wp-content\/uploads\/2025\/05\/Foto-Deutsche-Bischofskonferenz-Jessica-Kraemer--300x263.jpg 300w, https:\/\/www.sankturban.de\/wp-content\/uploads\/2025\/05\/Foto-Deutsche-Bischofskonferenz-Jessica-Kraemer--768x673.jpg 768w, https:\/\/www.sankturban.de\/wp-content\/uploads\/2025\/05\/Foto-Deutsche-Bischofskonferenz-Jessica-Kraemer--1320x1157.jpg 1320w, https:\/\/www.sankturban.de\/wp-content\/uploads\/2025\/05\/Foto-Deutsche-Bischofskonferenz-Jessica-Kraemer-.jpg 1345w\" sizes=\"auto, (max-width: 1024px) 100vw, 1024px\" \/><\/figure>\n\n\n\n<p>(Bild oben: Papst Leo XIV. verl\u00e4sst nach der Heiligen Messe pro Ecclesia die Sixtinische Kapelle, am 9. Mai 2025 im Vatikan. KNA GmbH, www.kna.de, all Rights Reserved; <br \/>Bild unten: Papst Leo am 8. Mai 2025. Deutsche Bischofskonferenz, J. Kr\u00e4mer.)<\/p>\n\n\n\n<p><\/p>\n","protected":false},"excerpt":{"rendered":"<p>Auch die Katholikinnen und Katholiken in den Oberen Neckarvororten freuen sich, dass mit Papst Leo XIV. der Bischofstuhl von Rom wieder besetzt ist. Nach der Bekanntgabe der Wahl auf dem Petersplatz l\u00e4uteten auch die Kirchenglocken in Untert\u00fcrkheim, Obert\u00fcrkheim und Wangen. &hellip; <a href=\"https:\/\/www.sankturban.de\/?p=15113\">Weiterlesen <span class=\"meta-nav\">&rarr;<\/span><\/a><\/p>\n","protected":false},"author":33,"featured_media":0,"comment_status":"closed","ping_status":"closed","sticky":false,"template":"","format":"standard","meta":{"footnotes":""},"categories":[8],"tags":[],"class_list":["post-15113","post","type-post","status-publish","format-standard","hentry","category-startseite"],"_links":{"self":[{"href":"https:\/\/www.sankturban.de\/index.php?rest_route=\/wp\/v2\/posts\/15113","targetHints":{"allow":["GET"]}}],"collection":[{"href":"https:\/\/www.sankturban.de\/index.php?rest_route=\/wp\/v2\/posts"}],"about":[{"href":"https:\/\/www.sankturban.de\/index.php?rest_route=\/wp\/v2\/types\/post"}],"author":[{"embeddable":true,"href":"https:\/\/www.sankturban.de\/index.php?rest_route=\/wp\/v2\/users\/33"}],"replies":[{"embeddable":true,"href":"https:\/\/www.sankturban.de\/index.php?rest_route=%2Fwp%2Fv2%2Fcomments&post=15113"}],"version-history":[{"count":7,"href":"https:\/\/www.sankturban.de\/index.php?rest_route=\/wp\/v2\/posts\/15113\/revisions"}],"predecessor-version":[{"id":15131,"href":"https:\/\/www.sankturban.de\/index.php?rest_route=\/wp\/v2\/posts\/15113\/revisions\/15131"}],"wp:attachment":[{"href":"https:\/\/www.sankturban.de\/index.php?rest_route=%2Fwp%2Fv2%2Fmedia&parent=15113"}],"wp:term":[{"taxonomy":"category","embeddable":true,"href":"https:\/\/www.sankturban.de\/index.php?rest_route=%2Fwp%2Fv2%2Fcategories&post=15113"},{"taxonomy":"post_tag","embeddable":true,"href":"https:\/\/www.sankturban.de\/index.php?rest_route=%2Fwp%2Fv2%2Ftags&post=15113"}],"curies":[{"name":"wp","href":"https:\/\/api.w.org\/{rel}","templated":true}]}}