{"id":14995,"date":"2025-04-09T08:27:15","date_gmt":"2025-04-09T07:27:15","guid":{"rendered":"https:\/\/www.sankturban.de\/?p=14995"},"modified":"2025-04-09T08:27:15","modified_gmt":"2025-04-09T07:27:15","slug":"segnung-oesterlicher-speisen","status":"publish","type":"post","link":"https:\/\/www.sankturban.de\/?p=14995","title":{"rendered":"Segnung \u00f6sterlicher Speisen"},"content":{"rendered":"\n<p>Auch in diesem Jahr werden nach den Festgottesdiensten an Ostern \u00f6sterliche Speisen gesegnet: Gerne k\u00f6nnen Ostereier, Osterl\u00e4mmer sowie Brot u.\u00e4. im Altarraum abgelegt werden und werden dann nach den Gottesdiensten (Osternacht und Ostersonntag) gesegnet.<\/p>\n\n\n\n<figure class=\"wp-block-image size-large\"><img loading=\"lazy\" decoding=\"async\" width=\"1024\" height=\"769\" src=\"https:\/\/www.sankturban.de\/wp-content\/uploads\/2025\/04\/geweihte_osterspeisen_by_Irmengard_Sewald_pfarrbriefservice-1024x769.jpg\" alt=\"\" class=\"wp-image-14996\" srcset=\"https:\/\/www.sankturban.de\/wp-content\/uploads\/2025\/04\/geweihte_osterspeisen_by_Irmengard_Sewald_pfarrbriefservice-1024x769.jpg 1024w, https:\/\/www.sankturban.de\/wp-content\/uploads\/2025\/04\/geweihte_osterspeisen_by_Irmengard_Sewald_pfarrbriefservice-300x225.jpg 300w, https:\/\/www.sankturban.de\/wp-content\/uploads\/2025\/04\/geweihte_osterspeisen_by_Irmengard_Sewald_pfarrbriefservice-768x577.jpg 768w, https:\/\/www.sankturban.de\/wp-content\/uploads\/2025\/04\/geweihte_osterspeisen_by_Irmengard_Sewald_pfarrbriefservice-1320x991.jpg 1320w, https:\/\/www.sankturban.de\/wp-content\/uploads\/2025\/04\/geweihte_osterspeisen_by_Irmengard_Sewald_pfarrbriefservice.jpg 1500w\" sizes=\"auto, (max-width: 1024px) 100vw, 1024px\" \/><\/figure>\n\n\n\n<p>(Bild: Irmengard Sewald; in: Pfarrbriefservice.de)<\/p>\n","protected":false},"excerpt":{"rendered":"<p>Auch in diesem Jahr werden nach den Festgottesdiensten an Ostern \u00f6sterliche Speisen gesegnet: Gerne k\u00f6nnen Ostereier, Osterl\u00e4mmer sowie Brot u.\u00e4. im Altarraum abgelegt werden und werden dann nach den Gottesdiensten (Osternacht und Ostersonntag) gesegnet. (Bild: Irmengard Sewald; in: Pfarrbriefservice.de)<\/p>\n","protected":false},"author":33,"featured_media":0,"comment_status":"closed","ping_status":"closed","sticky":false,"template":"","format":"standard","meta":{"footnotes":""},"categories":[67],"tags":[],"class_list":["post-14995","post","type-post","status-publish","format-standard","hentry","category-news"],"_links":{"self":[{"href":"https:\/\/www.sankturban.de\/index.php?rest_route=\/wp\/v2\/posts\/14995","targetHints":{"allow":["GET"]}}],"collection":[{"href":"https:\/\/www.sankturban.de\/index.php?rest_route=\/wp\/v2\/posts"}],"about":[{"href":"https:\/\/www.sankturban.de\/index.php?rest_route=\/wp\/v2\/types\/post"}],"author":[{"embeddable":true,"href":"https:\/\/www.sankturban.de\/index.php?rest_route=\/wp\/v2\/users\/33"}],"replies":[{"embeddable":true,"href":"https:\/\/www.sankturban.de\/index.php?rest_route=%2Fwp%2Fv2%2Fcomments&post=14995"}],"version-history":[{"count":1,"href":"https:\/\/www.sankturban.de\/index.php?rest_route=\/wp\/v2\/posts\/14995\/revisions"}],"predecessor-version":[{"id":14997,"href":"https:\/\/www.sankturban.de\/index.php?rest_route=\/wp\/v2\/posts\/14995\/revisions\/14997"}],"wp:attachment":[{"href":"https:\/\/www.sankturban.de\/index.php?rest_route=%2Fwp%2Fv2%2Fmedia&parent=14995"}],"wp:term":[{"taxonomy":"category","embeddable":true,"href":"https:\/\/www.sankturban.de\/index.php?rest_route=%2Fwp%2Fv2%2Fcategories&post=14995"},{"taxonomy":"post_tag","embeddable":true,"href":"https:\/\/www.sankturban.de\/index.php?rest_route=%2Fwp%2Fv2%2Ftags&post=14995"}],"curies":[{"name":"wp","href":"https:\/\/api.w.org\/{rel}","templated":true}]}}