{"id":14670,"date":"2024-12-20T16:26:23","date_gmt":"2024-12-20T15:26:23","guid":{"rendered":"https:\/\/www.sankturban.de\/?p=14670"},"modified":"2024-12-27T10:17:44","modified_gmt":"2024-12-27T09:17:44","slug":"sternsinger-bald-wieder-unterwegs","status":"publish","type":"post","link":"https:\/\/www.sankturban.de\/?p=14670","title":{"rendered":"Sternsinger bald wieder unterwegs"},"content":{"rendered":"<div class=\"wp-block-image\">\n<figure class=\"alignleft size-large is-resized\"><img loading=\"lazy\" decoding=\"async\" width=\"1024\" height=\"1024\" src=\"https:\/\/www.sankturban.de\/wp-content\/uploads\/2024\/12\/grafikanzeige_2_90x90_sternsinger_2020-1024x1024.jpg\" alt=\"\" class=\"wp-image-14671\" style=\"width:280px;height:auto\" srcset=\"https:\/\/www.sankturban.de\/wp-content\/uploads\/2024\/12\/grafikanzeige_2_90x90_sternsinger_2020-1024x1024.jpg 1024w, https:\/\/www.sankturban.de\/wp-content\/uploads\/2024\/12\/grafikanzeige_2_90x90_sternsinger_2020-300x300.jpg 300w, https:\/\/www.sankturban.de\/wp-content\/uploads\/2024\/12\/grafikanzeige_2_90x90_sternsinger_2020-150x150.jpg 150w, https:\/\/www.sankturban.de\/wp-content\/uploads\/2024\/12\/grafikanzeige_2_90x90_sternsinger_2020-768x768.jpg 768w, https:\/\/www.sankturban.de\/wp-content\/uploads\/2024\/12\/grafikanzeige_2_90x90_sternsinger_2020.jpg 1063w\" sizes=\"auto, (max-width: 1024px) 100vw, 1024px\" \/><\/figure>\n<\/div>\n\n\n<p>In den ersten Januartagen des Jahres 2025 sind auch in unseren Kirchengemeinden wieder M\u00e4dchen und Jungen als Sternsinger unterwegs, um die Weihnachtsbotschaft und Gottes Segen in die H\u00e4user und Wohnungen unserer Stadtbezirke zu tragen. Ebenso geht die Kollekte der Gottesdienste an Dreik\u00f6nig zu Gunsten der Sternsinger. <\/p>\n\n\n\n<p>Die Aktion steht diesmal unter dem Leitwort \u201eErhebt eure Stimme! Sternsingen f\u00fcr Kinderrechte\u201c.<\/p>\n\n\n\n<!--more-->\n\n\n\n<p><strong>Unsere Sternsinger sind Anfang Januar 2025 unterwegs:<\/strong><\/p>\n\n\n\n<ul class=\"wp-block-list\">\n<li>In St. Johannes Untert\u00fcrkheim 2. bis 5. Januar.<\/li>\n\n\n\n<li>In St. Franziskus am 5. und 6. Januar.<\/li>\n\n\n\n<li>In St. Markus am 6. Januar in Hedelfingen und Rohracker.<\/li>\n\n\n\n<li>In St. Christophorus am 6. Januar um 9.30 Uhr: Eucharistiefeier mit den Sternsingern.<br \/><\/li>\n\n\n\n<li>Die Sternsinger feiern auch die <a href=\"https:\/\/www.sankturban.de\/wp-content\/uploads\/2024\/11\/Gottesdienste-Januar-2025-scaled.jpg\">Gottesdienste am Dreik\u00f6nigstag<\/a> (6. Januar) mit.<\/li>\n<\/ul>\n\n\n\n<ul class=\"wp-block-list\">\n<li><a href=\"https:\/\/www.kath-kirche-stuttgart.de\/service\/journal\/detail\/die-sternsinger-sind-mit-und-ohen-rollstohl-koeniglich-unterwegs\">Sternsinger in Stuttgart<\/a><\/li>\n<\/ul>\n\n\n\n<ul class=\"wp-block-list\">\n<li><a href=\"https:\/\/www.sternsinger.de\/sternsingen\/\">sternsinger.de<\/a><\/li>\n<\/ul>\n\n\n\n<p>(Bild: Kindermissionswerk \/ www.sternsinger.de, in: Pfarrbriefservice.de)<\/p>\n","protected":false},"excerpt":{"rendered":"<p>In den ersten Januartagen des Jahres 2025 sind auch in unseren Kirchengemeinden wieder M\u00e4dchen und Jungen als Sternsinger unterwegs, um die Weihnachtsbotschaft und Gottes Segen in die H\u00e4user und Wohnungen unserer Stadtbezirke zu tragen. Ebenso geht die Kollekte der Gottesdienste &hellip; <a href=\"https:\/\/www.sankturban.de\/?p=14670\">Weiterlesen <span class=\"meta-nav\">&rarr;<\/span><\/a><\/p>\n","protected":false},"author":33,"featured_media":0,"comment_status":"closed","ping_status":"closed","sticky":false,"template":"","format":"standard","meta":{"footnotes":""},"categories":[4,5,6,7,8],"tags":[],"class_list":["post-14670","post","type-post","status-publish","format-standard","hentry","category-st-christophorus","category-st-franziskus","category-st-johannes","category-st-markus","category-startseite"],"_links":{"self":[{"href":"https:\/\/www.sankturban.de\/index.php?rest_route=\/wp\/v2\/posts\/14670","targetHints":{"allow":["GET"]}}],"collection":[{"href":"https:\/\/www.sankturban.de\/index.php?rest_route=\/wp\/v2\/posts"}],"about":[{"href":"https:\/\/www.sankturban.de\/index.php?rest_route=\/wp\/v2\/types\/post"}],"author":[{"embeddable":true,"href":"https:\/\/www.sankturban.de\/index.php?rest_route=\/wp\/v2\/users\/33"}],"replies":[{"embeddable":true,"href":"https:\/\/www.sankturban.de\/index.php?rest_route=%2Fwp%2Fv2%2Fcomments&post=14670"}],"version-history":[{"count":2,"href":"https:\/\/www.sankturban.de\/index.php?rest_route=\/wp\/v2\/posts\/14670\/revisions"}],"predecessor-version":[{"id":14682,"href":"https:\/\/www.sankturban.de\/index.php?rest_route=\/wp\/v2\/posts\/14670\/revisions\/14682"}],"wp:attachment":[{"href":"https:\/\/www.sankturban.de\/index.php?rest_route=%2Fwp%2Fv2%2Fmedia&parent=14670"}],"wp:term":[{"taxonomy":"category","embeddable":true,"href":"https:\/\/www.sankturban.de\/index.php?rest_route=%2Fwp%2Fv2%2Fcategories&post=14670"},{"taxonomy":"post_tag","embeddable":true,"href":"https:\/\/www.sankturban.de\/index.php?rest_route=%2Fwp%2Fv2%2Ftags&post=14670"}],"curies":[{"name":"wp","href":"https:\/\/api.w.org\/{rel}","templated":true}]}}