{"id":14451,"date":"2024-10-01T17:33:50","date_gmt":"2024-10-01T16:33:50","guid":{"rendered":"https:\/\/www.sankturban.de\/?p=14451"},"modified":"2024-10-01T17:38:10","modified_gmt":"2024-10-01T16:38:10","slug":"festgottesdienst-mittagessen-und-gemeindeversammlung","status":"publish","type":"post","link":"https:\/\/www.sankturban.de\/?p=14451","title":{"rendered":"Festgottesdienst, Mittagessen und Gemeindeversammlung"},"content":{"rendered":"<div class=\"wp-block-image\">\n<figure class=\"alignleft size-full is-resized\"><img loading=\"lazy\" decoding=\"async\" width=\"400\" height=\"600\" src=\"https:\/\/www.sankturban.de\/wp-content\/uploads\/2024\/10\/5157_pbs_franziskus_1.jpg\" alt=\"\" class=\"wp-image-14452\" style=\"width:276px;height:auto\" srcset=\"https:\/\/www.sankturban.de\/wp-content\/uploads\/2024\/10\/5157_pbs_franziskus_1.jpg 400w, https:\/\/www.sankturban.de\/wp-content\/uploads\/2024\/10\/5157_pbs_franziskus_1-200x300.jpg 200w\" sizes=\"auto, (max-width: 400px) 100vw, 400px\" \/><\/figure>\n<\/div>\n\n\n<p>Das Fest des Heiligen Franz von Assisi feiern wir mit einem Festgottesdienst am 6. Oktober um 10.45 Uhr in St. Franziskus Obert\u00fcrkheim. <br \/>Die ChorConnection wird den Gottesdienst musikalisch begleiten. Im Anschluss laden die Pfadfinder zum Gemeindeessen ein. <br \/>Nach dem Mittagessen findet im Gemeindesaal eine Gemeindeversammlung statt:<br \/>Wir m\u00f6chten auf die letzte Wahlperiode des Kirchengemeinderates zur\u00fcckblicken und nach vorne blicken:<br \/>Es steht im M\u00e4rz 2025 die KGR-Wahl an und im Jahr 2026 unser gro\u00dfes Gemeindejubil\u00e4um. Welche Anregungen, W\u00fcnsche, Kritik haben Sie? Welches Thema liegt Ihnen am Herzen? <br \/>Gerne k\u00f6nnen Sie uns \u00fcber das Pfarrb\u00fcro schon im Vornherein Themen zukommen lassen.<\/p>\n\n\n\n<!--more-->\n\n\n\n<p><strong>Gemeindeessen am Patrozinium<\/strong><br \/>Am 6 Oktober nach dem Patroziniumsgottesdienst, der um 10.45 Uhr beginnt, laden<br \/>die Pfadfinder herzlich zum Mittagessen ins Gemeindezentrum ein.<br \/>Es gibt Geschnetzeltes in einer Sahneso\u00dfe mit Kn\u00f6deln. Als vegetarische Option bieten<br \/>wir Kn\u00f6del mit Pilzrahmso\u00dfe an. Zu jedem Essen gibt es au\u00dferdem einen kleinen Beilagensalat. <\/p>\n\n\n\n<p>Nach dem Mittagessen gibt es noch Kaffee und Kuchen.<br \/>Wir freuen uns auf Ihr zahlreiches Kommen.<br \/>Die Pfadfinder<\/p>\n\n\n\n<p>(Bild: Friedbert Simon, in: Pfarrbriefservice.de)<\/p>\n","protected":false},"excerpt":{"rendered":"<p>Das Fest des Heiligen Franz von Assisi feiern wir mit einem Festgottesdienst am 6. Oktober um 10.45 Uhr in St. Franziskus Obert\u00fcrkheim. Die ChorConnection wird den Gottesdienst musikalisch begleiten. Im Anschluss laden die Pfadfinder zum Gemeindeessen ein. Nach dem Mittagessen &hellip; <a href=\"https:\/\/www.sankturban.de\/?p=14451\">Weiterlesen <span class=\"meta-nav\">&rarr;<\/span><\/a><\/p>\n","protected":false},"author":33,"featured_media":0,"comment_status":"closed","ping_status":"closed","sticky":false,"template":"","format":"standard","meta":{"footnotes":""},"categories":[5,8],"tags":[],"class_list":["post-14451","post","type-post","status-publish","format-standard","hentry","category-st-franziskus","category-startseite"],"_links":{"self":[{"href":"https:\/\/www.sankturban.de\/index.php?rest_route=\/wp\/v2\/posts\/14451","targetHints":{"allow":["GET"]}}],"collection":[{"href":"https:\/\/www.sankturban.de\/index.php?rest_route=\/wp\/v2\/posts"}],"about":[{"href":"https:\/\/www.sankturban.de\/index.php?rest_route=\/wp\/v2\/types\/post"}],"author":[{"embeddable":true,"href":"https:\/\/www.sankturban.de\/index.php?rest_route=\/wp\/v2\/users\/33"}],"replies":[{"embeddable":true,"href":"https:\/\/www.sankturban.de\/index.php?rest_route=%2Fwp%2Fv2%2Fcomments&post=14451"}],"version-history":[{"count":2,"href":"https:\/\/www.sankturban.de\/index.php?rest_route=\/wp\/v2\/posts\/14451\/revisions"}],"predecessor-version":[{"id":14455,"href":"https:\/\/www.sankturban.de\/index.php?rest_route=\/wp\/v2\/posts\/14451\/revisions\/14455"}],"wp:attachment":[{"href":"https:\/\/www.sankturban.de\/index.php?rest_route=%2Fwp%2Fv2%2Fmedia&parent=14451"}],"wp:term":[{"taxonomy":"category","embeddable":true,"href":"https:\/\/www.sankturban.de\/index.php?rest_route=%2Fwp%2Fv2%2Fcategories&post=14451"},{"taxonomy":"post_tag","embeddable":true,"href":"https:\/\/www.sankturban.de\/index.php?rest_route=%2Fwp%2Fv2%2Ftags&post=14451"}],"curies":[{"name":"wp","href":"https:\/\/api.w.org\/{rel}","templated":true}]}}