{"id":14079,"date":"2024-05-25T16:18:58","date_gmt":"2024-05-25T15:18:58","guid":{"rendered":"https:\/\/www.sankturban.de\/?p=14079"},"modified":"2024-05-25T16:19:00","modified_gmt":"2024-05-25T15:19:00","slug":"fahrdienst-und-krankenkommunion-zu-fronleichnam","status":"publish","type":"post","link":"https:\/\/www.sankturban.de\/?p=14079","title":{"rendered":"Fahrdienst und Krankenkommunion zu Fronleichnam"},"content":{"rendered":"\n<p>Wer einen Fahrdienst von sich zuhause zum Festgottesdienst an Fronleichnam (30. Mai, 10 Uhr) in Anspruch nehmen m\u00f6chte, kann sich bis Mittwoch, 29. Mai, telefonisch melden (01607454719 oder zu den \u00fcblichen Zeiten in den Pfarrb\u00fcros) melden.<\/p>\n\n\n\n<p>Wer in diesen Tagen rund um das Fronleichnamsfest zuhause die Krankenkommunion<strong> <\/strong>empfangen m\u00f6chte, kann sich ebenfalls unter der Telefonnummer melden, um einen Termin zu vereinbaren.<\/p>\n","protected":false},"excerpt":{"rendered":"<p>Wer einen Fahrdienst von sich zuhause zum Festgottesdienst an Fronleichnam (30. Mai, 10 Uhr) in Anspruch nehmen m\u00f6chte, kann sich bis Mittwoch, 29. Mai, telefonisch melden (01607454719 oder zu den \u00fcblichen Zeiten in den Pfarrb\u00fcros) melden. Wer in diesen Tagen &hellip; <a href=\"https:\/\/www.sankturban.de\/?p=14079\">Weiterlesen <span class=\"meta-nav\">&rarr;<\/span><\/a><\/p>\n","protected":false},"author":33,"featured_media":0,"comment_status":"closed","ping_status":"closed","sticky":false,"template":"","format":"standard","meta":{"footnotes":""},"categories":[67],"tags":[],"class_list":["post-14079","post","type-post","status-publish","format-standard","hentry","category-news"],"_links":{"self":[{"href":"https:\/\/www.sankturban.de\/index.php?rest_route=\/wp\/v2\/posts\/14079","targetHints":{"allow":["GET"]}}],"collection":[{"href":"https:\/\/www.sankturban.de\/index.php?rest_route=\/wp\/v2\/posts"}],"about":[{"href":"https:\/\/www.sankturban.de\/index.php?rest_route=\/wp\/v2\/types\/post"}],"author":[{"embeddable":true,"href":"https:\/\/www.sankturban.de\/index.php?rest_route=\/wp\/v2\/users\/33"}],"replies":[{"embeddable":true,"href":"https:\/\/www.sankturban.de\/index.php?rest_route=%2Fwp%2Fv2%2Fcomments&post=14079"}],"version-history":[{"count":1,"href":"https:\/\/www.sankturban.de\/index.php?rest_route=\/wp\/v2\/posts\/14079\/revisions"}],"predecessor-version":[{"id":14080,"href":"https:\/\/www.sankturban.de\/index.php?rest_route=\/wp\/v2\/posts\/14079\/revisions\/14080"}],"wp:attachment":[{"href":"https:\/\/www.sankturban.de\/index.php?rest_route=%2Fwp%2Fv2%2Fmedia&parent=14079"}],"wp:term":[{"taxonomy":"category","embeddable":true,"href":"https:\/\/www.sankturban.de\/index.php?rest_route=%2Fwp%2Fv2%2Fcategories&post=14079"},{"taxonomy":"post_tag","embeddable":true,"href":"https:\/\/www.sankturban.de\/index.php?rest_route=%2Fwp%2Fv2%2Ftags&post=14079"}],"curies":[{"name":"wp","href":"https:\/\/api.w.org\/{rel}","templated":true}]}}