{"id":14064,"date":"2024-05-24T11:21:22","date_gmt":"2024-05-24T10:21:22","guid":{"rendered":"https:\/\/www.sankturban.de\/?p=14064"},"modified":"2024-05-24T17:11:26","modified_gmt":"2024-05-24T16:11:26","slug":"fronleichnam-fest-der-gegenwart-jesu-in-unserer-welt","status":"publish","type":"post","link":"https:\/\/www.sankturban.de\/?p=14064","title":{"rendered":"Fronleichnam: Fest der Gegenwart Jesu in unserer Welt"},"content":{"rendered":"<div class=\"wp-block-image\">\n<figure class=\"alignleft size-large is-resized\"><img loading=\"lazy\" decoding=\"async\" width=\"1024\" height=\"1024\" src=\"https:\/\/www.sankturban.de\/wp-content\/uploads\/2024\/05\/06-Fronleichnam_Sketchnotes_Infografik.jpg_2042869221-1024x1024.jpg\" alt=\"\" class=\"wp-image-14065\" style=\"width:321px;height:auto\" srcset=\"https:\/\/www.sankturban.de\/wp-content\/uploads\/2024\/05\/06-Fronleichnam_Sketchnotes_Infografik.jpg_2042869221-1024x1024.jpg 1024w, https:\/\/www.sankturban.de\/wp-content\/uploads\/2024\/05\/06-Fronleichnam_Sketchnotes_Infografik.jpg_2042869221-300x300.jpg 300w, https:\/\/www.sankturban.de\/wp-content\/uploads\/2024\/05\/06-Fronleichnam_Sketchnotes_Infografik.jpg_2042869221-150x150.jpg 150w, https:\/\/www.sankturban.de\/wp-content\/uploads\/2024\/05\/06-Fronleichnam_Sketchnotes_Infografik.jpg_2042869221-768x768.jpg 768w, https:\/\/www.sankturban.de\/wp-content\/uploads\/2024\/05\/06-Fronleichnam_Sketchnotes_Infografik.jpg_2042869221.jpg 1200w\" sizes=\"auto, (max-width: 1024px) 100vw, 1024px\" \/><\/figure>\n<\/div>\n\n\n<p>Herzliche Einladung zum Festgottesdienst an Fronleichnam: Der Gottesdienst sowie der Kindergottesdienst beginnen um 10 Uhr auf dem Schulhof des Wirtemberg-Gymnasiums.<br \/>Die anschlie\u00dfende Fronleichnamsprozession f\u00fchrt \u00fcber St. Christophorus zum evangelischen Gemeindehaus Wangen in der Ulmer Stra\u00dfe. Dort gibt es auch ein gemeinsames Mittagessen sowie Spiel- und Bastelangebote.<\/p>\n\n\n\n<p>Den Tag ausklingen lassen wollen wir mit der Feierlichen Fronleichnamsvesper mit Sakramentalem Segen um 18 Uhr in der St. Johannes-Kirche, Untert\u00fcrkheim.<\/p>\n\n\n\n<!--more-->\n\n\n\n<p><em>Bei anhaltendem Regenwetter feiern wir den Gottesdienst in der St. Christophoruskirche in Wangen: In diesem Fall l\u00e4uten die Glocken von St. Christophorus um 9.45 Uhr.<\/em><\/p>\n\n\n\n<p>Am Stationsaltar in St. Christophorus m\u00f6chten wir wieder einen Blumenteppich legen.Damit er in vielen bunten Farben erstrahlen kann, werden unz\u00e4hlige Blumen und Bl\u00fcten ben\u00f6tigt.Wenn Sie uns damit unterst\u00fctzen k\u00f6nnen, wenden Sie sich bitte an Sabine Lux, die Ihre Spenden am 29. Mai ab 18.15 Uhr entgegennehmen kann.<\/p>\n\n\n\n<figure class=\"wp-block-gallery has-nested-images columns-default is-cropped wp-block-gallery-1 is-layout-flex wp-block-gallery-is-layout-flex\">\n<figure class=\"wp-block-image size-large\"><a href=\"https:\/\/www.sankturban.de\/wp-content\/uploads\/2024\/05\/2024.6-Fronleichnam-Plakat-1.jpg\" target=\"_blank\" rel=\"noopener\"><img loading=\"lazy\" decoding=\"async\" width=\"724\" height=\"1024\" data-id=\"14055\" src=\"https:\/\/www.sankturban.de\/wp-content\/uploads\/2024\/05\/2024.6-Fronleichnam-Plakat-1-724x1024.jpg\" alt=\"\" class=\"wp-image-14055\" srcset=\"https:\/\/www.sankturban.de\/wp-content\/uploads\/2024\/05\/2024.6-Fronleichnam-Plakat-1-724x1024.jpg 724w, https:\/\/www.sankturban.de\/wp-content\/uploads\/2024\/05\/2024.6-Fronleichnam-Plakat-1-212x300.jpg 212w, https:\/\/www.sankturban.de\/wp-content\/uploads\/2024\/05\/2024.6-Fronleichnam-Plakat-1-768x1086.jpg 768w, https:\/\/www.sankturban.de\/wp-content\/uploads\/2024\/05\/2024.6-Fronleichnam-Plakat-1-1086x1536.jpg 1086w, https:\/\/www.sankturban.de\/wp-content\/uploads\/2024\/05\/2024.6-Fronleichnam-Plakat-1.jpg 1190w\" sizes=\"auto, (max-width: 724px) 100vw, 724px\" \/><\/a><\/figure>\n\n\n\n<figure class=\"wp-block-image size-large\"><a href=\"https:\/\/www.sankturban.de\/wp-content\/uploads\/2024\/05\/2024.6-Fronleichnam-Plakat-Kinder.jpg\" target=\"_blank\" rel=\"noopener\"><img loading=\"lazy\" decoding=\"async\" width=\"724\" height=\"1024\" data-id=\"14054\" src=\"https:\/\/www.sankturban.de\/wp-content\/uploads\/2024\/05\/2024.6-Fronleichnam-Plakat-Kinder-724x1024.jpg\" alt=\"\" class=\"wp-image-14054\" srcset=\"https:\/\/www.sankturban.de\/wp-content\/uploads\/2024\/05\/2024.6-Fronleichnam-Plakat-Kinder-724x1024.jpg 724w, https:\/\/www.sankturban.de\/wp-content\/uploads\/2024\/05\/2024.6-Fronleichnam-Plakat-Kinder-212x300.jpg 212w, https:\/\/www.sankturban.de\/wp-content\/uploads\/2024\/05\/2024.6-Fronleichnam-Plakat-Kinder-768x1086.jpg 768w, https:\/\/www.sankturban.de\/wp-content\/uploads\/2024\/05\/2024.6-Fronleichnam-Plakat-Kinder-1086x1536.jpg 1086w, https:\/\/www.sankturban.de\/wp-content\/uploads\/2024\/05\/2024.6-Fronleichnam-Plakat-Kinder.jpg 1190w\" sizes=\"auto, (max-width: 724px) 100vw, 724px\" \/><\/a><\/figure>\n\n\n\n<figure class=\"wp-block-image size-large\"><a href=\"https:\/\/www.sankturban.de\/wp-content\/uploads\/2024\/04\/Fronleichnam2024.jpg\" target=\"_blank\" rel=\"noopener\"><img loading=\"lazy\" decoding=\"async\" width=\"724\" height=\"1024\" data-id=\"14015\" src=\"https:\/\/www.sankturban.de\/wp-content\/uploads\/2024\/04\/Fronleichnam2024-724x1024.jpg\" alt=\"\" class=\"wp-image-14015\" srcset=\"https:\/\/www.sankturban.de\/wp-content\/uploads\/2024\/04\/Fronleichnam2024-724x1024.jpg 724w, https:\/\/www.sankturban.de\/wp-content\/uploads\/2024\/04\/Fronleichnam2024-212x300.jpg 212w, https:\/\/www.sankturban.de\/wp-content\/uploads\/2024\/04\/Fronleichnam2024-768x1086.jpg 768w, https:\/\/www.sankturban.de\/wp-content\/uploads\/2024\/04\/Fronleichnam2024-1086x1536.jpg 1086w, https:\/\/www.sankturban.de\/wp-content\/uploads\/2024\/04\/Fronleichnam2024.jpg 1190w\" sizes=\"auto, (max-width: 724px) 100vw, 724px\" \/><\/a><\/figure>\n<\/figure>\n\n\n\n<p><\/p>\n\n\n\n<ul class=\"wp-block-list\">\n<li><a href=\"https:\/\/www.youtube.com\/watch?v=ZWpmWuR2Wd8\">Was feiern wir an Fronleichnam?<\/a><\/li>\n\n\n\n<li><a href=\"https:\/\/www.sankturban.de\/?p=12950\">Fronleichnam 2023<\/a><\/li>\n\n\n\n<li><a href=\"https:\/\/www.sankturban.de\/?p=11570\">Fronleichnam 2022<\/a><\/li>\n<\/ul>\n","protected":false},"excerpt":{"rendered":"<p>Herzliche Einladung zum Festgottesdienst an Fronleichnam: Der Gottesdienst sowie der Kindergottesdienst beginnen um 10 Uhr auf dem Schulhof des Wirtemberg-Gymnasiums.Die anschlie\u00dfende Fronleichnamsprozession f\u00fchrt \u00fcber St. Christophorus zum evangelischen Gemeindehaus Wangen in der Ulmer Stra\u00dfe. Dort gibt es auch ein gemeinsames &hellip; <a href=\"https:\/\/www.sankturban.de\/?p=14064\">Weiterlesen <span class=\"meta-nav\">&rarr;<\/span><\/a><\/p>\n","protected":false},"author":33,"featured_media":0,"comment_status":"closed","ping_status":"closed","sticky":false,"template":"","format":"standard","meta":{"footnotes":""},"categories":[8],"tags":[],"class_list":["post-14064","post","type-post","status-publish","format-standard","hentry","category-startseite"],"_links":{"self":[{"href":"https:\/\/www.sankturban.de\/index.php?rest_route=\/wp\/v2\/posts\/14064","targetHints":{"allow":["GET"]}}],"collection":[{"href":"https:\/\/www.sankturban.de\/index.php?rest_route=\/wp\/v2\/posts"}],"about":[{"href":"https:\/\/www.sankturban.de\/index.php?rest_route=\/wp\/v2\/types\/post"}],"author":[{"embeddable":true,"href":"https:\/\/www.sankturban.de\/index.php?rest_route=\/wp\/v2\/users\/33"}],"replies":[{"embeddable":true,"href":"https:\/\/www.sankturban.de\/index.php?rest_route=%2Fwp%2Fv2%2Fcomments&post=14064"}],"version-history":[{"count":4,"href":"https:\/\/www.sankturban.de\/index.php?rest_route=\/wp\/v2\/posts\/14064\/revisions"}],"predecessor-version":[{"id":14070,"href":"https:\/\/www.sankturban.de\/index.php?rest_route=\/wp\/v2\/posts\/14064\/revisions\/14070"}],"wp:attachment":[{"href":"https:\/\/www.sankturban.de\/index.php?rest_route=%2Fwp%2Fv2%2Fmedia&parent=14064"}],"wp:term":[{"taxonomy":"category","embeddable":true,"href":"https:\/\/www.sankturban.de\/index.php?rest_route=%2Fwp%2Fv2%2Fcategories&post=14064"},{"taxonomy":"post_tag","embeddable":true,"href":"https:\/\/www.sankturban.de\/index.php?rest_route=%2Fwp%2Fv2%2Ftags&post=14064"}],"curies":[{"name":"wp","href":"https:\/\/api.w.org\/{rel}","templated":true}]}}