{"id":14043,"date":"2024-05-14T16:51:57","date_gmt":"2024-05-14T15:51:57","guid":{"rendered":"https:\/\/www.sankturban.de\/?p=14043"},"modified":"2024-05-15T14:14:56","modified_gmt":"2024-05-15T13:14:56","slug":"pfingsten-seht-aus-der-nacht-verheissung-blueht-die-hoffnung-hebt-sich-wie-ein-lied-und-jubelt-halleluja-2","status":"publish","type":"post","link":"https:\/\/www.sankturban.de\/?p=14043","title":{"rendered":"Pfingsten: \u201eSeht, aus der Nacht Verhei\u00dfung bl\u00fcht; die Hoffnung hebt sich wie ein Lied und jubelt: Halleluja.\u201c"},"content":{"rendered":"<div class=\"wp-block-image\">\n<figure class=\"alignleft size-large is-resized\"><img loading=\"lazy\" decoding=\"async\" width=\"1024\" height=\"1024\" src=\"https:\/\/www.sankturban.de\/wp-content\/uploads\/2024\/05\/Pfingsten_Erzbistum-Koeln-Heidebrecht_Frei-mit-Namensnennung-1024x1024.jpg\" alt=\"\" class=\"wp-image-14044\" style=\"width:294px;height:auto\" srcset=\"https:\/\/www.sankturban.de\/wp-content\/uploads\/2024\/05\/Pfingsten_Erzbistum-Koeln-Heidebrecht_Frei-mit-Namensnennung-1024x1024.jpg 1024w, https:\/\/www.sankturban.de\/wp-content\/uploads\/2024\/05\/Pfingsten_Erzbistum-Koeln-Heidebrecht_Frei-mit-Namensnennung-300x300.jpg 300w, https:\/\/www.sankturban.de\/wp-content\/uploads\/2024\/05\/Pfingsten_Erzbistum-Koeln-Heidebrecht_Frei-mit-Namensnennung-150x150.jpg 150w, https:\/\/www.sankturban.de\/wp-content\/uploads\/2024\/05\/Pfingsten_Erzbistum-Koeln-Heidebrecht_Frei-mit-Namensnennung-768x768.jpg 768w, https:\/\/www.sankturban.de\/wp-content\/uploads\/2024\/05\/Pfingsten_Erzbistum-Koeln-Heidebrecht_Frei-mit-Namensnennung-1320x1320.jpg 1320w, https:\/\/www.sankturban.de\/wp-content\/uploads\/2024\/05\/Pfingsten_Erzbistum-Koeln-Heidebrecht_Frei-mit-Namensnennung.jpg 1500w\" sizes=\"auto, (max-width: 1024px) 100vw, 1024px\" \/><\/figure>\n<\/div>\n\n\n<p>An Pfingsten feiert die Kirche den Heiligen Geist, den Christus den J\u00fcngern \u2013 und damit seiner Kirche \u2013 am Pfingsttag schenkte. Gleichzeitig vertrauen wir darauf, dass dieser Heilige Geist auch die Gl\u00e4ubigen heute st\u00e4rkt und f\u00fchrt. Der Pfingsttag beschlie\u00dft zugleich nach 50 Tagen den Osterfestkreis. <br \/>Am Nachmittag des Pfingstsonntags findet dann in Untert\u00fcrkheim ein &#8222;Wandelkonzert&#8220; in drei Kirchen statt.<\/p>\n\n\n\n<!--more-->\n\n\n\n<ul class=\"wp-block-list\">\n<li><a href=\"https:\/\/www.sankturban.de\/wp-content\/uploads\/2024\/03\/Gottesdienste-Mai-2024-scaled.jpg\">Pfingstgottesdienste in der Gesamtkirchengemeinde<\/a><\/li>\n\n\n\n<li><a href=\"https:\/\/www.sankturban.de\/?p=14048\">Wandelkonzert an Pfingsten<\/a><\/li>\n\n\n\n<li><a href=\"https:\/\/www.katholisch.de\/artikel\/154-pfingsten-was-bedeutet-das-fest-nach-ostern\">Was feiern wir an Pfingsten?<\/a><\/li>\n\n\n\n<li><a href=\"https:\/\/www.katholisch.de\/artikel\/13537-pfingsten-fuer-kinder-erzaehlt\">Pfingsten Kindern erkl\u00e4rt.<\/a><br \/><br \/>(Bild: Erzbistum K\u00f6ln auf Pfarrbriefservice.de)<\/li>\n<\/ul>\n","protected":false},"excerpt":{"rendered":"<p>An Pfingsten feiert die Kirche den Heiligen Geist, den Christus den J\u00fcngern \u2013 und damit seiner Kirche \u2013 am Pfingsttag schenkte. Gleichzeitig vertrauen wir darauf, dass dieser Heilige Geist auch die Gl\u00e4ubigen heute st\u00e4rkt und f\u00fchrt. Der Pfingsttag beschlie\u00dft zugleich &hellip; <a href=\"https:\/\/www.sankturban.de\/?p=14043\">Weiterlesen <span class=\"meta-nav\">&rarr;<\/span><\/a><\/p>\n","protected":false},"author":33,"featured_media":0,"comment_status":"closed","ping_status":"closed","sticky":false,"template":"","format":"standard","meta":{"footnotes":""},"categories":[8],"tags":[],"class_list":["post-14043","post","type-post","status-publish","format-standard","hentry","category-startseite"],"_links":{"self":[{"href":"https:\/\/www.sankturban.de\/index.php?rest_route=\/wp\/v2\/posts\/14043","targetHints":{"allow":["GET"]}}],"collection":[{"href":"https:\/\/www.sankturban.de\/index.php?rest_route=\/wp\/v2\/posts"}],"about":[{"href":"https:\/\/www.sankturban.de\/index.php?rest_route=\/wp\/v2\/types\/post"}],"author":[{"embeddable":true,"href":"https:\/\/www.sankturban.de\/index.php?rest_route=\/wp\/v2\/users\/33"}],"replies":[{"embeddable":true,"href":"https:\/\/www.sankturban.de\/index.php?rest_route=%2Fwp%2Fv2%2Fcomments&post=14043"}],"version-history":[{"count":3,"href":"https:\/\/www.sankturban.de\/index.php?rest_route=\/wp\/v2\/posts\/14043\/revisions"}],"predecessor-version":[{"id":14051,"href":"https:\/\/www.sankturban.de\/index.php?rest_route=\/wp\/v2\/posts\/14043\/revisions\/14051"}],"wp:attachment":[{"href":"https:\/\/www.sankturban.de\/index.php?rest_route=%2Fwp%2Fv2%2Fmedia&parent=14043"}],"wp:term":[{"taxonomy":"category","embeddable":true,"href":"https:\/\/www.sankturban.de\/index.php?rest_route=%2Fwp%2Fv2%2Fcategories&post=14043"},{"taxonomy":"post_tag","embeddable":true,"href":"https:\/\/www.sankturban.de\/index.php?rest_route=%2Fwp%2Fv2%2Ftags&post=14043"}],"curies":[{"name":"wp","href":"https:\/\/api.w.org\/{rel}","templated":true}]}}