{"id":14027,"date":"2024-05-04T17:06:54","date_gmt":"2024-05-04T16:06:54","guid":{"rendered":"https:\/\/www.sankturban.de\/?p=14027"},"modified":"2024-05-04T20:34:29","modified_gmt":"2024-05-04T19:34:29","slug":"blutfreitagsfeierlichkeiten-in-weingarten","status":"publish","type":"post","link":"https:\/\/www.sankturban.de\/?p=14027","title":{"rendered":"Blutfreitagsfeierlichkeiten in Weingarten"},"content":{"rendered":"\n<figure class=\"wp-block-image size-full\"><img loading=\"lazy\" decoding=\"async\" width=\"800\" height=\"533\" src=\"https:\/\/www.sankturban.de\/wp-content\/uploads\/2024\/05\/webimage-EFFD0272-9733-4136-B6D377C1EDCE84BF.png\" alt=\"\" class=\"wp-image-14028\" srcset=\"https:\/\/www.sankturban.de\/wp-content\/uploads\/2024\/05\/webimage-EFFD0272-9733-4136-B6D377C1EDCE84BF.png 800w, https:\/\/www.sankturban.de\/wp-content\/uploads\/2024\/05\/webimage-EFFD0272-9733-4136-B6D377C1EDCE84BF-300x200.png 300w, https:\/\/www.sankturban.de\/wp-content\/uploads\/2024\/05\/webimage-EFFD0272-9733-4136-B6D377C1EDCE84BF-768x512.png 768w\" sizes=\"auto, (max-width: 800px) 100vw, 800px\" \/><\/figure>\n\n\n\n<p>Eine der gr\u00f6\u00dften Wallfahrten in der Di\u00f6zese zieht an Christi Himmelfahrt und am Blutfreitag (9.\/10. Mai 2024) wieder Zehntausende nach Weingarten. Im Mittelpunkt steht die Verehrung des Blutes Christi.<br \/>In diesem Jahr predigt Bischof Ivo Muser (Bozen-Brixen) bei der gro\u00dfen Festpredigt.<\/p>\n\n\n\n<p>Die Lichterprozession am Abend des Christi Hmmelfahrtstages und der Blutritt am Freitagmorgen bilden die <a href=\"https:\/\/katholisch-weingarten.de\/blutfreitag\/\">H\u00f6hepunkte der Feierlichkeiten<\/a>.<\/p>\n\n\n\n<p>Die imposante Basilika St. Martin feiert im Jahr 2024 zudem <a href=\"https:\/\/katholisch-weingarten.de\/300-jahre-basilika\/\">ihr 300-j\u00e4hriges Jubil\u00e4um<\/a>.<\/p>\n\n\n\n<ul class=\"wp-block-list\">\n<li><a href=\"https:\/\/www.sankturban.de\/wp-content\/uploads\/2024\/05\/Flyer-Blutfreitag-Weingarten.pdf\">Info-Flyer der Stadt Weingarten<\/a><\/li>\n\n\n\n<li><a href=\"https:\/\/katholisch-weingarten.de\/impressionen\/\">Impressionen von den Feierlichkeiten und Gottesdiensten<\/a><\/li>\n\n\n\n<li><a href=\"https:\/\/www.drs.de\/ansicht\/artikel\/farbenfroh-und-bis-zu-7000-reiter.html\">Museum f\u00fcr Klosterkultur: Der Blutfreitag in der Geschichte<\/a><\/li>\n<\/ul>\n","protected":false},"excerpt":{"rendered":"<p>Eine der gr\u00f6\u00dften Wallfahrten in der Di\u00f6zese zieht an Christi Himmelfahrt und am Blutfreitag (9.\/10. Mai 2024) wieder Zehntausende nach Weingarten. Im Mittelpunkt steht die Verehrung des Blutes Christi.In diesem Jahr predigt Bischof Ivo Muser (Bozen-Brixen) bei der gro\u00dfen Festpredigt. &hellip; <a href=\"https:\/\/www.sankturban.de\/?p=14027\">Weiterlesen <span class=\"meta-nav\">&rarr;<\/span><\/a><\/p>\n","protected":false},"author":33,"featured_media":0,"comment_status":"closed","ping_status":"closed","sticky":false,"template":"","format":"standard","meta":{"footnotes":""},"categories":[67],"tags":[],"class_list":["post-14027","post","type-post","status-publish","format-standard","hentry","category-news"],"_links":{"self":[{"href":"https:\/\/www.sankturban.de\/index.php?rest_route=\/wp\/v2\/posts\/14027","targetHints":{"allow":["GET"]}}],"collection":[{"href":"https:\/\/www.sankturban.de\/index.php?rest_route=\/wp\/v2\/posts"}],"about":[{"href":"https:\/\/www.sankturban.de\/index.php?rest_route=\/wp\/v2\/types\/post"}],"author":[{"embeddable":true,"href":"https:\/\/www.sankturban.de\/index.php?rest_route=\/wp\/v2\/users\/33"}],"replies":[{"embeddable":true,"href":"https:\/\/www.sankturban.de\/index.php?rest_route=%2Fwp%2Fv2%2Fcomments&post=14027"}],"version-history":[{"count":4,"href":"https:\/\/www.sankturban.de\/index.php?rest_route=\/wp\/v2\/posts\/14027\/revisions"}],"predecessor-version":[{"id":14035,"href":"https:\/\/www.sankturban.de\/index.php?rest_route=\/wp\/v2\/posts\/14027\/revisions\/14035"}],"wp:attachment":[{"href":"https:\/\/www.sankturban.de\/index.php?rest_route=%2Fwp%2Fv2%2Fmedia&parent=14027"}],"wp:term":[{"taxonomy":"category","embeddable":true,"href":"https:\/\/www.sankturban.de\/index.php?rest_route=%2Fwp%2Fv2%2Fcategories&post=14027"},{"taxonomy":"post_tag","embeddable":true,"href":"https:\/\/www.sankturban.de\/index.php?rest_route=%2Fwp%2Fv2%2Ftags&post=14027"}],"curies":[{"name":"wp","href":"https:\/\/api.w.org\/{rel}","templated":true}]}}