{"id":14006,"date":"2024-04-26T18:06:54","date_gmt":"2024-04-26T17:06:54","guid":{"rendered":"https:\/\/www.sankturban.de\/?p=14006"},"modified":"2024-04-26T18:07:42","modified_gmt":"2024-04-26T17:07:42","slug":"markusfest-wird-musikalisch-gestaltet","status":"publish","type":"post","link":"https:\/\/www.sankturban.de\/?p=14006","title":{"rendered":"Markusfest wird musikalisch besonders gestaltet"},"content":{"rendered":"<div class=\"wp-block-image\">\n<figure class=\"alignleft size-large is-resized\"><img loading=\"lazy\" decoding=\"async\" width=\"685\" height=\"1024\" src=\"https:\/\/www.sankturban.de\/wp-content\/uploads\/2024\/04\/osterfahne-dsc_0122_by_Wolfgang_Cibura_pfarrbriefservice-685x1024.jpg\" alt=\"\" class=\"wp-image-14007\" style=\"width:196px;height:auto\" srcset=\"https:\/\/www.sankturban.de\/wp-content\/uploads\/2024\/04\/osterfahne-dsc_0122_by_Wolfgang_Cibura_pfarrbriefservice-685x1024.jpg 685w, https:\/\/www.sankturban.de\/wp-content\/uploads\/2024\/04\/osterfahne-dsc_0122_by_Wolfgang_Cibura_pfarrbriefservice-201x300.jpg 201w, https:\/\/www.sankturban.de\/wp-content\/uploads\/2024\/04\/osterfahne-dsc_0122_by_Wolfgang_Cibura_pfarrbriefservice-768x1147.jpg 768w, https:\/\/www.sankturban.de\/wp-content\/uploads\/2024\/04\/osterfahne-dsc_0122_by_Wolfgang_Cibura_pfarrbriefservice-1028x1536.jpg 1028w, https:\/\/www.sankturban.de\/wp-content\/uploads\/2024\/04\/osterfahne-dsc_0122_by_Wolfgang_Cibura_pfarrbriefservice-scaled.jpg 1371w, https:\/\/www.sankturban.de\/wp-content\/uploads\/2024\/04\/osterfahne-dsc_0122_by_Wolfgang_Cibura_pfarrbriefservice-1320x1972.jpg 1320w\" sizes=\"auto, (max-width: 685px) 100vw, 685px\" \/><\/figure>\n<\/div>\n\n\n<p>Am F\u00fcnften Ostersonntag, 28. April 2024, wird das \u00d6ku-Ch\u00f6rle M\u00f6ssingen in der St. Markus-Kirche Hedelfingen das Patrozinium um 10.45 Uhr musikalisch mitgestalten. \u00dcber Vikar Ulrich Letzgus kam der Kontakt zustande, der \u00fcber Jahre im Ch\u00f6rle mitgesungen hat.<br \/>Die Mitglieder des Ch\u00f6rles freuen sich auf die Begegnung mit den Menschen aus unserer Gesamtkirchengemeinde St. Urban. <br \/>Nach dem Festgottesdienst zum sind alle herzlich zu einem Stehempfang mit Imbiss auf dem Kirchplatz eingeladen. <\/p>\n\n\n\n<!--more-->\n\n\n\n<p>Herzliche Einladung zum Mitfeiern!<\/p>\n\n\n\n<p>(Bild: Wolfgang Cibura, in: Pfarrbriefservice.de)<\/p>\n","protected":false},"excerpt":{"rendered":"<p>Am F\u00fcnften Ostersonntag, 28. April 2024, wird das \u00d6ku-Ch\u00f6rle M\u00f6ssingen in der St. Markus-Kirche Hedelfingen das Patrozinium um 10.45 Uhr musikalisch mitgestalten. \u00dcber Vikar Ulrich Letzgus kam der Kontakt zustande, der \u00fcber Jahre im Ch\u00f6rle mitgesungen hat.Die Mitglieder des Ch\u00f6rles &hellip; <a href=\"https:\/\/www.sankturban.de\/?p=14006\">Weiterlesen <span class=\"meta-nav\">&rarr;<\/span><\/a><\/p>\n","protected":false},"author":33,"featured_media":0,"comment_status":"closed","ping_status":"closed","sticky":false,"template":"","format":"standard","meta":{"footnotes":""},"categories":[7,8],"tags":[],"class_list":["post-14006","post","type-post","status-publish","format-standard","hentry","category-st-markus","category-startseite"],"_links":{"self":[{"href":"https:\/\/www.sankturban.de\/index.php?rest_route=\/wp\/v2\/posts\/14006","targetHints":{"allow":["GET"]}}],"collection":[{"href":"https:\/\/www.sankturban.de\/index.php?rest_route=\/wp\/v2\/posts"}],"about":[{"href":"https:\/\/www.sankturban.de\/index.php?rest_route=\/wp\/v2\/types\/post"}],"author":[{"embeddable":true,"href":"https:\/\/www.sankturban.de\/index.php?rest_route=\/wp\/v2\/users\/33"}],"replies":[{"embeddable":true,"href":"https:\/\/www.sankturban.de\/index.php?rest_route=%2Fwp%2Fv2%2Fcomments&post=14006"}],"version-history":[{"count":3,"href":"https:\/\/www.sankturban.de\/index.php?rest_route=\/wp\/v2\/posts\/14006\/revisions"}],"predecessor-version":[{"id":14010,"href":"https:\/\/www.sankturban.de\/index.php?rest_route=\/wp\/v2\/posts\/14006\/revisions\/14010"}],"wp:attachment":[{"href":"https:\/\/www.sankturban.de\/index.php?rest_route=%2Fwp%2Fv2%2Fmedia&parent=14006"}],"wp:term":[{"taxonomy":"category","embeddable":true,"href":"https:\/\/www.sankturban.de\/index.php?rest_route=%2Fwp%2Fv2%2Fcategories&post=14006"},{"taxonomy":"post_tag","embeddable":true,"href":"https:\/\/www.sankturban.de\/index.php?rest_route=%2Fwp%2Fv2%2Ftags&post=14006"}],"curies":[{"name":"wp","href":"https:\/\/api.w.org\/{rel}","templated":true}]}}