{"id":13996,"date":"2024-04-24T09:00:04","date_gmt":"2024-04-24T08:00:04","guid":{"rendered":"https:\/\/www.sankturban.de\/?p=13996"},"modified":"2024-04-24T09:01:59","modified_gmt":"2024-04-24T08:01:59","slug":"72-stunden-gemeinsam-im-einsatz","status":"publish","type":"post","link":"https:\/\/www.sankturban.de\/?p=13996","title":{"rendered":"72 Stunden gemeinsam im Einsatz"},"content":{"rendered":"<div class=\"wp-block-image\">\n<figure class=\"alignleft size-full is-resized\"><img loading=\"lazy\" decoding=\"async\" width=\"861\" height=\"501\" src=\"https:\/\/www.sankturban.de\/wp-content\/uploads\/2024\/04\/IMG_8932.jpg\" alt=\"\" class=\"wp-image-13997\" style=\"width:428px;height:auto\" srcset=\"https:\/\/www.sankturban.de\/wp-content\/uploads\/2024\/04\/IMG_8932.jpg 861w, https:\/\/www.sankturban.de\/wp-content\/uploads\/2024\/04\/IMG_8932-300x175.jpg 300w, https:\/\/www.sankturban.de\/wp-content\/uploads\/2024\/04\/IMG_8932-768x447.jpg 768w\" sizes=\"auto, (max-width: 861px) 100vw, 861px\" \/><\/figure>\n<\/div>\n\n\n<p>Der Pfadfinderstamm St. Franziskus unterst\u00fctzt von Gemeindemitgliedern war<br \/>im Rahmen der 72h Aktion 3 \u00bd Tage rund um das Gemeindezentrum und die<br \/>Aprikosenstr. 11 im Einsatz, um die k\u00fcnftigen Gruppenr\u00e4ume f\u00fcr die<br \/>Jugendarbeit einzurichten und kreativ zu gestalten.<\/p>\n\n\n\n<!--more-->\n\n\n\n<p><br \/>Am Donnerstag, 18. April begann um 17.07 Uhr die deutschlandweite 72h Aktion<br \/>und den Pfadfindern aus Obert\u00fcrkheim wurde bei der Auftaktveranstaltung im<br \/>Youch ihre Aufgabe \u00fcbergeben. In den kommenden 72 Stunden sollten die neuen<br \/>Jugendr\u00e4ume im Gemeindezentrum eingerichtet und jugendfreundlich gestaltet<br \/>werden. Noch am Abend machten sich die ersten ans Werk. Es wurde geschraubt<br \/>und gebohrt, gehammert, geplant. Gemeinsam mit den Kindern und Jugendlichen<br \/>ging es am Freitagmorgen dann so richtig los. Eine Gruppe k\u00fcmmerte sich um<br \/>Sachspenden, einige Kinder liefen mit Spendenboxen durch Obert\u00fcrkheim und<br \/>sammelten Geld, um die Unkosten der Aktion zu decken. Derweil wurden<br \/>Schr\u00e4nke an die Wand geh\u00e4ngt und die Wandgestaltung geplant, die sp\u00e4ter mit<br \/>der gespendeten Farbe umgesetzt wurde und immer wieder wurden Kuchen oder<br \/>Fingerfood von Gemeindemitgliedern zur St\u00e4rkung aller Helfer vorbeigebracht.<br \/>Am Nachmittag hie\u00df es dann Kisten packen in der Aprikosenstr. 11. Alle<br \/>Schr\u00e4nke mussten geleert, das Material (aus)sortiert und die Umzugskartons<br \/>anschlie\u00dfend ins Gemeindezentrum gebracht werden. Dort stapelte sich schon<br \/>das Material bis die Schr\u00e4nke alle fertig waren. Gemeindemitglieder hatten<br \/>w\u00e4hrenddessen alle Schr\u00e4nke im Konferenz- und Jugendraum leerger\u00e4umt und<br \/>geputzt und machten sich daran, einen neuen Schrank f\u00fcr die Materialien der<br \/>Gemeinde zu bauen und die Pfadfinder zu unterst\u00fctzen, wo Hilfe n\u00f6tig war.<br \/>Immer wieder waren Trupps unterwegs, um Essensspenden in den umliegenden<br \/>Lebensmittell\u00e4den abzuholen, die abends zu leckeren kreativen Speisen<br \/>zubereitet wurden. \u00dcber 30 hungrige Helfer st\u00e4rkten sich damit am Abend an<br \/>einer langen Tafel im Gemeindesaal. Der Samstagvormittag war dann gepr\u00e4gt<br \/>vom Entsorgen des Sperrm\u00fclls, ein gespendetes Sofa musste abgeholt, die<br \/>Wandgestaltung fertig gestellt werden und es wurde begonnen, die Schr\u00e4nke<br \/>einzur\u00e4umen. Das Wetter war nun zum Gl\u00fcck wieder besser, so dass eine Gruppe<br \/>die Beete an der Mirabellenstra\u00dfe vom Unkraut befreien und mit den<br \/>gespendeten Pflanzen versch\u00f6nern konnten. Andere machten sich an die Planung<br \/>des Festes, das zum Ende der Aktion stattfinden sollte, um allen<br \/>Interessierten die neuen R\u00e4ume zu pr\u00e4sentieren. Bis sp\u00e4t in die Nacht wurde<br \/>noch am neuen Tisch ges\u00e4gt und geschraubt, damit am Sonntag w\u00e4hrend des<br \/>Erstkommunionsgottesdienstes nur noch leise Arbeiten zu erledigen waren. Am<br \/>Sonntag standen so nur noch die letzten Restarbeiten an und dann waren Besen<br \/>und Schrubber n\u00f6tig, um alles wieder blitzblank zu putzen. In der K\u00fcche<br \/>wurde flei\u00dfig ein vielf\u00e4ltiges Buffet f\u00fcr das Fest vorbereitet und mit einem<br \/>Abschlussfoto vor der neuen Wand endete p\u00fcnktlich um 17.07 Uhr am Sonntag<br \/>die Aktion mit \u00dcbergabe der Urkunde durch die Organisatoren der 72h Aktion.<br \/>Die G\u00e4ste machten sich derweil ein Bild von den neuen R\u00e4umen, waren<br \/>begeistert vom tollen Ergebnis und lie\u00dfen sich das Buffet schmecken.<br \/>Eine rundum gelungene Aktion die dank vieler flei\u00dfiger H\u00e4nde, toller<br \/>Vorbereitung und Planung, zahlreicher Sach-, Essens- und Geldspenden m\u00f6glich<br \/>war! <\/p>\n\n\n\n<p>Ein herzliches Vergelt\u2019s Gott allen, die die Aktion unterst\u00fctzt haben<br \/>und es so erm\u00f6glicht haben, dass gleich am Montag die ersten Gruppenstunden<br \/>in den neuen R\u00e4umen stattfinden konnten.<br \/>Einen besonderen Dank m\u00f6chten wir dem Bezirksbeirat Obert\u00fcrkheim\/Uhlbach,<br \/>der B\u00fcrgerstiftung Stuttgart und den Wegbegleitern f\u00fcr die gro\u00dfz\u00fcgige<br \/>finanzielle Unterst\u00fctzung aussprechen und den Firmen B\u00e4cker Bayer,<br \/>Baumschule Jung, Bioland-Hofladen Ortlieb, Cap in Obert\u00fcrkheim,<br \/>Gem\u00fcsescheune Lebrecht, Getr\u00e4nke Kelemidis, Heinrich Schmid, Maler Daldal,<br \/>Maler Kallert, Saft Mayer und der Uhlbacher B\u00e4ckerei f\u00fcr ihre Sachspenden<br \/>sowie allen Spendern und helfenden H\u00e4nden aus der Gemeinde.<br \/>Auch Max M\u00f6rseburg MdB stattet den Pfadfindern einen Besuch ab und zeigte sich beeindruckt von der Aktion.<\/p>\n\n\n\n<figure class=\"wp-block-gallery has-nested-images columns-default is-cropped wp-block-gallery-1 is-layout-flex wp-block-gallery-is-layout-flex\">\n<figure class=\"wp-block-image size-large\"><a href=\"https:\/\/www.sankturban.de\/wp-content\/uploads\/2024\/04\/IMG-20240422-WA0001-scaled.jpg\"><img loading=\"lazy\" decoding=\"async\" width=\"473\" height=\"1024\" data-id=\"14001\" src=\"https:\/\/www.sankturban.de\/wp-content\/uploads\/2024\/04\/IMG-20240422-WA0001-473x1024.jpg\" alt=\"\" class=\"wp-image-14001\" srcset=\"https:\/\/www.sankturban.de\/wp-content\/uploads\/2024\/04\/IMG-20240422-WA0001-473x1024.jpg 473w, https:\/\/www.sankturban.de\/wp-content\/uploads\/2024\/04\/IMG-20240422-WA0001-139x300.jpg 139w, https:\/\/www.sankturban.de\/wp-content\/uploads\/2024\/04\/IMG-20240422-WA0001-768x1662.jpg 768w, https:\/\/www.sankturban.de\/wp-content\/uploads\/2024\/04\/IMG-20240422-WA0001-710x1536.jpg 710w, https:\/\/www.sankturban.de\/wp-content\/uploads\/2024\/04\/IMG-20240422-WA0001-scaled.jpg 946w, https:\/\/www.sankturban.de\/wp-content\/uploads\/2024\/04\/IMG-20240422-WA0001-1320x2857.jpg 1320w\" sizes=\"auto, (max-width: 473px) 100vw, 473px\" \/><\/a><\/figure>\n\n\n\n<figure class=\"wp-block-image size-large\"><a href=\"https:\/\/www.sankturban.de\/wp-content\/uploads\/2024\/04\/IMG-20240422-WA0005-scaled.jpg\"><img loading=\"lazy\" decoding=\"async\" width=\"473\" height=\"1024\" data-id=\"14000\" src=\"https:\/\/www.sankturban.de\/wp-content\/uploads\/2024\/04\/IMG-20240422-WA0005-473x1024.jpg\" alt=\"\" class=\"wp-image-14000\" srcset=\"https:\/\/www.sankturban.de\/wp-content\/uploads\/2024\/04\/IMG-20240422-WA0005-473x1024.jpg 473w, https:\/\/www.sankturban.de\/wp-content\/uploads\/2024\/04\/IMG-20240422-WA0005-139x300.jpg 139w, https:\/\/www.sankturban.de\/wp-content\/uploads\/2024\/04\/IMG-20240422-WA0005-768x1662.jpg 768w, https:\/\/www.sankturban.de\/wp-content\/uploads\/2024\/04\/IMG-20240422-WA0005-710x1536.jpg 710w, https:\/\/www.sankturban.de\/wp-content\/uploads\/2024\/04\/IMG-20240422-WA0005-scaled.jpg 946w, https:\/\/www.sankturban.de\/wp-content\/uploads\/2024\/04\/IMG-20240422-WA0005-1320x2857.jpg 1320w\" sizes=\"auto, (max-width: 473px) 100vw, 473px\" \/><\/a><\/figure>\n\n\n\n<figure class=\"wp-block-image size-large\"><a href=\"https:\/\/www.sankturban.de\/wp-content\/uploads\/2024\/04\/IMG_8932-1.jpg\"><img loading=\"lazy\" decoding=\"async\" width=\"861\" height=\"501\" data-id=\"13998\" src=\"https:\/\/www.sankturban.de\/wp-content\/uploads\/2024\/04\/IMG_8932-1.jpg\" alt=\"\" class=\"wp-image-13998\" srcset=\"https:\/\/www.sankturban.de\/wp-content\/uploads\/2024\/04\/IMG_8932-1.jpg 861w, https:\/\/www.sankturban.de\/wp-content\/uploads\/2024\/04\/IMG_8932-1-300x175.jpg 300w, https:\/\/www.sankturban.de\/wp-content\/uploads\/2024\/04\/IMG_8932-1-768x447.jpg 768w\" sizes=\"auto, (max-width: 861px) 100vw, 861px\" \/><\/a><\/figure>\n\n\n\n<figure class=\"wp-block-image size-large\"><a href=\"https:\/\/www.sankturban.de\/wp-content\/uploads\/2024\/04\/IMG_8895.jpg\"><img loading=\"lazy\" decoding=\"async\" width=\"1024\" height=\"682\" data-id=\"13999\" src=\"https:\/\/www.sankturban.de\/wp-content\/uploads\/2024\/04\/IMG_8895.jpg\" alt=\"\" class=\"wp-image-13999\" srcset=\"https:\/\/www.sankturban.de\/wp-content\/uploads\/2024\/04\/IMG_8895.jpg 1024w, https:\/\/www.sankturban.de\/wp-content\/uploads\/2024\/04\/IMG_8895-300x200.jpg 300w, https:\/\/www.sankturban.de\/wp-content\/uploads\/2024\/04\/IMG_8895-768x512.jpg 768w\" sizes=\"auto, (max-width: 1024px) 100vw, 1024px\" \/><\/a><\/figure>\n<\/figure>\n","protected":false},"excerpt":{"rendered":"<p>Der Pfadfinderstamm St. Franziskus unterst\u00fctzt von Gemeindemitgliedern warim Rahmen der 72h Aktion 3 \u00bd Tage rund um das Gemeindezentrum und dieAprikosenstr. 11 im Einsatz, um die k\u00fcnftigen Gruppenr\u00e4ume f\u00fcr dieJugendarbeit einzurichten und kreativ zu gestalten.<\/p>\n","protected":false},"author":33,"featured_media":0,"comment_status":"closed","ping_status":"closed","sticky":false,"template":"","format":"standard","meta":{"footnotes":""},"categories":[5,8],"tags":[],"class_list":["post-13996","post","type-post","status-publish","format-standard","hentry","category-st-franziskus","category-startseite"],"_links":{"self":[{"href":"https:\/\/www.sankturban.de\/index.php?rest_route=\/wp\/v2\/posts\/13996","targetHints":{"allow":["GET"]}}],"collection":[{"href":"https:\/\/www.sankturban.de\/index.php?rest_route=\/wp\/v2\/posts"}],"about":[{"href":"https:\/\/www.sankturban.de\/index.php?rest_route=\/wp\/v2\/types\/post"}],"author":[{"embeddable":true,"href":"https:\/\/www.sankturban.de\/index.php?rest_route=\/wp\/v2\/users\/33"}],"replies":[{"embeddable":true,"href":"https:\/\/www.sankturban.de\/index.php?rest_route=%2Fwp%2Fv2%2Fcomments&post=13996"}],"version-history":[{"count":2,"href":"https:\/\/www.sankturban.de\/index.php?rest_route=\/wp\/v2\/posts\/13996\/revisions"}],"predecessor-version":[{"id":14004,"href":"https:\/\/www.sankturban.de\/index.php?rest_route=\/wp\/v2\/posts\/13996\/revisions\/14004"}],"wp:attachment":[{"href":"https:\/\/www.sankturban.de\/index.php?rest_route=%2Fwp%2Fv2%2Fmedia&parent=13996"}],"wp:term":[{"taxonomy":"category","embeddable":true,"href":"https:\/\/www.sankturban.de\/index.php?rest_route=%2Fwp%2Fv2%2Fcategories&post=13996"},{"taxonomy":"post_tag","embeddable":true,"href":"https:\/\/www.sankturban.de\/index.php?rest_route=%2Fwp%2Fv2%2Ftags&post=13996"}],"curies":[{"name":"wp","href":"https:\/\/api.w.org\/{rel}","templated":true}]}}