{"id":13824,"date":"2024-02-19T10:32:15","date_gmt":"2024-02-19T09:32:15","guid":{"rendered":"https:\/\/www.sankturban.de\/?p=13824"},"modified":"2024-02-16T10:41:56","modified_gmt":"2024-02-16T09:41:56","slug":"fastenessen-in-st-franziskus-kochen-geniessen-gutes-tun","status":"publish","type":"post","link":"https:\/\/www.sankturban.de\/?p=13824","title":{"rendered":"Fastenessen in St. Franziskus: Kochen \u2013 Genie\u00dfen \u2013 Gutes tun"},"content":{"rendered":"<div class=\"wp-block-image\">\n<figure class=\"alignleft size-full is-resized\"><img loading=\"lazy\" decoding=\"async\" width=\"800\" height=\"450\" src=\"https:\/\/www.sankturban.de\/wp-content\/uploads\/2024\/02\/fastenessen-teaser.jpg\" alt=\"\" class=\"wp-image-13825\" style=\"width:380px;height:auto\" srcset=\"https:\/\/www.sankturban.de\/wp-content\/uploads\/2024\/02\/fastenessen-teaser.jpg 800w, https:\/\/www.sankturban.de\/wp-content\/uploads\/2024\/02\/fastenessen-teaser-300x169.jpg 300w, https:\/\/www.sankturban.de\/wp-content\/uploads\/2024\/02\/fastenessen-teaser-768x432.jpg 768w\" sizes=\"auto, (max-width: 800px) 100vw, 800px\" \/><\/figure>\n<\/div>\n\n\n<p>Dazu bietet der 2. Fastensonntag, 25.02.2024 ; in St. Franziskus Obert\u00fcrkheim eine gute Gelegenheit. An diesem Tag findet n\u00e4mlich unser Fastenessen statt. Wir beginnen um 10.45 Uhr mit einem Familiengottesdienst.<br \/>Dieser wird von unserer Familienband mitgestaltet. Anschlie\u00dfend wird ihr Gaumen von einem frisch gekochten und leckeren Mittagessen verzaubert. <\/p>\n\n\n\n<!--more-->\n\n\n\n<p>Die Ministranten verw\u00f6hnen uns mit selbst gebackenen Waffeln in verschiedenen Variationen. <br \/>Unsere Erzieherinnen der Kita Franz von Assisi haben wieder viele Spielangebote f\u00fcr die Kleinen vorbereitet. Sie haben die M\u00f6glichkeit Ihre eigene Osterkerze zu gestalten.<br \/>Wir haben die \u201eZutaten\u201c \u2013 Sie die \u201eIdeen\u201c.<br \/>Mit dem Erl\u00f6s aus unserem Fastenessen wollen wir unserenTeil dazu beitragen, Menschen aus der Armut zu helfen. Sie k\u00f6nnen uns hierbei tatkr\u00e4ftig unterst\u00fctzen.<\/p>\n\n\n\n<p>Weitere Fastenessen in der Gesamtkirchengemeinde:<\/p>\n\n\n\n<p><strong>4. Fastensonntag, 10. M\u00e4rz in St. Markus Hedelfingen<\/strong>:<br \/>10.45 Uhr Eucharistie, anschl. Fastenessen<br \/><strong>5. Fastensonntag, 17. M\u00e4rz in St. Johhannes Untert\u00fcrkheim<\/strong>:<br \/>10.45 Uhr Eucharistie, anschl. Fastenessen<\/p>\n","protected":false},"excerpt":{"rendered":"<p>Dazu bietet der 2. Fastensonntag, 25.02.2024 ; in St. Franziskus Obert\u00fcrkheim eine gute Gelegenheit. An diesem Tag findet n\u00e4mlich unser Fastenessen statt. Wir beginnen um 10.45 Uhr mit einem Familiengottesdienst.Dieser wird von unserer Familienband mitgestaltet. Anschlie\u00dfend wird ihr Gaumen von &hellip; <a href=\"https:\/\/www.sankturban.de\/?p=13824\">Weiterlesen <span class=\"meta-nav\">&rarr;<\/span><\/a><\/p>\n","protected":false},"author":33,"featured_media":0,"comment_status":"closed","ping_status":"closed","sticky":false,"template":"","format":"standard","meta":{"footnotes":""},"categories":[5,8],"tags":[],"class_list":["post-13824","post","type-post","status-publish","format-standard","hentry","category-st-franziskus","category-startseite"],"_links":{"self":[{"href":"https:\/\/www.sankturban.de\/index.php?rest_route=\/wp\/v2\/posts\/13824","targetHints":{"allow":["GET"]}}],"collection":[{"href":"https:\/\/www.sankturban.de\/index.php?rest_route=\/wp\/v2\/posts"}],"about":[{"href":"https:\/\/www.sankturban.de\/index.php?rest_route=\/wp\/v2\/types\/post"}],"author":[{"embeddable":true,"href":"https:\/\/www.sankturban.de\/index.php?rest_route=\/wp\/v2\/users\/33"}],"replies":[{"embeddable":true,"href":"https:\/\/www.sankturban.de\/index.php?rest_route=%2Fwp%2Fv2%2Fcomments&post=13824"}],"version-history":[{"count":2,"href":"https:\/\/www.sankturban.de\/index.php?rest_route=\/wp\/v2\/posts\/13824\/revisions"}],"predecessor-version":[{"id":13828,"href":"https:\/\/www.sankturban.de\/index.php?rest_route=\/wp\/v2\/posts\/13824\/revisions\/13828"}],"wp:attachment":[{"href":"https:\/\/www.sankturban.de\/index.php?rest_route=%2Fwp%2Fv2%2Fmedia&parent=13824"}],"wp:term":[{"taxonomy":"category","embeddable":true,"href":"https:\/\/www.sankturban.de\/index.php?rest_route=%2Fwp%2Fv2%2Fcategories&post=13824"},{"taxonomy":"post_tag","embeddable":true,"href":"https:\/\/www.sankturban.de\/index.php?rest_route=%2Fwp%2Fv2%2Ftags&post=13824"}],"curies":[{"name":"wp","href":"https:\/\/api.w.org\/{rel}","templated":true}]}}