{"id":13794,"date":"2024-01-30T10:37:06","date_gmt":"2024-01-30T09:37:06","guid":{"rendered":"https:\/\/www.sankturban.de\/?p=13794"},"modified":"2024-01-30T10:37:08","modified_gmt":"2024-01-30T09:37:08","slug":"don-bosco-fest-am-3-februar-in-obertuerkheim","status":"publish","type":"post","link":"https:\/\/www.sankturban.de\/?p=13794","title":{"rendered":"Don Bosco-Fest am 3. Februar in Obert\u00fcrkheim"},"content":{"rendered":"<div class=\"wp-block-image\">\n<figure class=\"alignleft size-full is-resized\"><img loading=\"lazy\" decoding=\"async\" width=\"841\" height=\"396\" src=\"https:\/\/www.sankturban.de\/wp-content\/uploads\/2024\/01\/DBFa.jpg\" alt=\"\" class=\"wp-image-13795\" style=\"width:359px;height:auto\" srcset=\"https:\/\/www.sankturban.de\/wp-content\/uploads\/2024\/01\/DBFa.jpg 841w, https:\/\/www.sankturban.de\/wp-content\/uploads\/2024\/01\/DBFa-300x141.jpg 300w, https:\/\/www.sankturban.de\/wp-content\/uploads\/2024\/01\/DBFa-768x362.jpg 768w\" sizes=\"auto, (max-width: 841px) 100vw, 841px\" \/><\/figure>\n<\/div>\n\n\n<p>Es sind nun 25 Jahre her, dass die Salesianer Don Boscos nach Obert\u00fcrkheim kamen, im Pfarrhaus wohnten und von hier aus die Jugendarbeit im Kath. Jugendreferat und in den Pfarreien unterst\u00fctzt haben. In diesen Jahren sind viele Beziehungen und Freundschaften entstanden, nicht zuletzt \u00fcber das j\u00e4hrliche Don Bosco Fest, dem Fest des Ordensgr\u00fcnders Johannes Bosco, das in vielen salesianischen Einrichtungen um den 31. Januar, dem Gedenktag des Apostels der Jugend, gefeiert wird. <\/p>\n\n\n\n<!--more-->\n\n\n\n<p>Auch wenn sich die Salesianer im Sommer 2022 aus Stuttgart verabschieden mussten, findet das Don Bosco Fest in diesem Jahr erneut statt. Der letzte Direktor der Mitbr\u00fcdergemeinschaft, P. J\u00f6rg Widmann, der nun in Regensburg lebt, wird am Samstag, dem 3. Februar 2024 wieder zur Festmesse und zum anschlie\u00dfenden Beisammensein nach Stuttgart kommen. Der Gottesdienst beginnt um 17 Uhr, anschlie\u00dfend findet das Fest im Pfarrsaal von Obert\u00fcrkheim seine Fortsetzung.<\/p>\n\n\n\n<figure class=\"wp-block-gallery has-nested-images columns-default is-cropped wp-block-gallery-1 is-layout-flex wp-block-gallery-is-layout-flex\">\n<figure class=\"wp-block-image size-large\"><a href=\"https:\/\/www.sankturban.de\/wp-content\/uploads\/2024\/01\/WhatsApp-Bild-2023-12-01-um-23.48.05_a6f8497c.jpg\"><img loading=\"lazy\" decoding=\"async\" width=\"841\" height=\"868\" data-id=\"13796\" src=\"https:\/\/www.sankturban.de\/wp-content\/uploads\/2024\/01\/WhatsApp-Bild-2023-12-01-um-23.48.05_a6f8497c.jpg\" alt=\"\" class=\"wp-image-13796\" srcset=\"https:\/\/www.sankturban.de\/wp-content\/uploads\/2024\/01\/WhatsApp-Bild-2023-12-01-um-23.48.05_a6f8497c.jpg 841w, https:\/\/www.sankturban.de\/wp-content\/uploads\/2024\/01\/WhatsApp-Bild-2023-12-01-um-23.48.05_a6f8497c-291x300.jpg 291w, https:\/\/www.sankturban.de\/wp-content\/uploads\/2024\/01\/WhatsApp-Bild-2023-12-01-um-23.48.05_a6f8497c-768x793.jpg 768w\" sizes=\"auto, (max-width: 841px) 100vw, 841px\" \/><\/a><\/figure>\n<\/figure>\n\n\n\n<p> Herzliche Einladung!<\/p>\n","protected":false},"excerpt":{"rendered":"<p>Es sind nun 25 Jahre her, dass die Salesianer Don Boscos nach Obert\u00fcrkheim kamen, im Pfarrhaus wohnten und von hier aus die Jugendarbeit im Kath. Jugendreferat und in den Pfarreien unterst\u00fctzt haben. In diesen Jahren sind viele Beziehungen und Freundschaften &hellip; <a href=\"https:\/\/www.sankturban.de\/?p=13794\">Weiterlesen <span class=\"meta-nav\">&rarr;<\/span><\/a><\/p>\n","protected":false},"author":33,"featured_media":0,"comment_status":"closed","ping_status":"closed","sticky":false,"template":"","format":"standard","meta":{"footnotes":""},"categories":[8],"tags":[],"class_list":["post-13794","post","type-post","status-publish","format-standard","hentry","category-startseite"],"_links":{"self":[{"href":"https:\/\/www.sankturban.de\/index.php?rest_route=\/wp\/v2\/posts\/13794","targetHints":{"allow":["GET"]}}],"collection":[{"href":"https:\/\/www.sankturban.de\/index.php?rest_route=\/wp\/v2\/posts"}],"about":[{"href":"https:\/\/www.sankturban.de\/index.php?rest_route=\/wp\/v2\/types\/post"}],"author":[{"embeddable":true,"href":"https:\/\/www.sankturban.de\/index.php?rest_route=\/wp\/v2\/users\/33"}],"replies":[{"embeddable":true,"href":"https:\/\/www.sankturban.de\/index.php?rest_route=%2Fwp%2Fv2%2Fcomments&post=13794"}],"version-history":[{"count":1,"href":"https:\/\/www.sankturban.de\/index.php?rest_route=\/wp\/v2\/posts\/13794\/revisions"}],"predecessor-version":[{"id":13797,"href":"https:\/\/www.sankturban.de\/index.php?rest_route=\/wp\/v2\/posts\/13794\/revisions\/13797"}],"wp:attachment":[{"href":"https:\/\/www.sankturban.de\/index.php?rest_route=%2Fwp%2Fv2%2Fmedia&parent=13794"}],"wp:term":[{"taxonomy":"category","embeddable":true,"href":"https:\/\/www.sankturban.de\/index.php?rest_route=%2Fwp%2Fv2%2Fcategories&post=13794"},{"taxonomy":"post_tag","embeddable":true,"href":"https:\/\/www.sankturban.de\/index.php?rest_route=%2Fwp%2Fv2%2Ftags&post=13794"}],"curies":[{"name":"wp","href":"https:\/\/api.w.org\/{rel}","templated":true}]}}