{"id":13787,"date":"2024-01-30T10:28:20","date_gmt":"2024-01-30T09:28:20","guid":{"rendered":"https:\/\/www.sankturban.de\/?p=13787"},"modified":"2024-01-30T10:30:04","modified_gmt":"2024-01-30T09:30:04","slug":"kerzensegnung-an-maria-lichtmesse","status":"publish","type":"post","link":"https:\/\/www.sankturban.de\/?p=13787","title":{"rendered":"Kerzensegnung an Maria Lichtmess"},"content":{"rendered":"<div class=\"wp-block-image\">\n<figure class=\"alignleft size-large is-resized\"><img loading=\"lazy\" decoding=\"async\" width=\"683\" height=\"1024\" src=\"https:\/\/www.sankturban.de\/wp-content\/uploads\/2024\/01\/8148_img_7138-683x1024.jpg\" alt=\"\" class=\"wp-image-13788\" style=\"width:249px;height:auto\" srcset=\"https:\/\/www.sankturban.de\/wp-content\/uploads\/2024\/01\/8148_img_7138-683x1024.jpg 683w, https:\/\/www.sankturban.de\/wp-content\/uploads\/2024\/01\/8148_img_7138-200x300.jpg 200w, https:\/\/www.sankturban.de\/wp-content\/uploads\/2024\/01\/8148_img_7138-768x1151.jpg 768w, https:\/\/www.sankturban.de\/wp-content\/uploads\/2024\/01\/8148_img_7138-1024x1536.jpg 1024w, https:\/\/www.sankturban.de\/wp-content\/uploads\/2024\/01\/8148_img_7138-scaled.jpg 1366w, https:\/\/www.sankturban.de\/wp-content\/uploads\/2024\/01\/8148_img_7138-1320x1979.jpg 1320w\" sizes=\"auto, (max-width: 683px) 100vw, 683px\" \/><\/figure>\n<\/div>\n\n\n<p>Am Fest der Darstellung des Herrn (&#8222;Maria Lichtmess&#8220;) feiern wir am Freitag, 2. Februar, \u00a0in St. Johannes Untert\u00fcrkheim um 9.00 Uhr die Eucharistie zum Festtag mit Kerzensegnung und anschlie\u00dfender Spendung des Blasiussegens. <\/p>\n\n\n\n<p>Es k\u00f6nnen auch Kerzen zur Segnung mitgebracht werden. Ebenso werden die Kerzen in der Eucharistie am Donnerstag, 1. Februar, um 9 Uhr in St. Markus Hedelfingen sowie in den Sonntagsottesdiensten am 4. Februar um 9.30 Uhr in St. Franziskus und St. Christophorus gesegnet.<\/p>\n\n\n\n<p>Der Blasiussegen wird im Anschluss an die Gottesdienste am 2. und 4. Februar gespendet.<\/p>\n\n\n\n<!--more-->\n\n\n\n<p>(Bild: Norbert Becker, in: Pfarrbriefservice.de)<\/p>\n","protected":false},"excerpt":{"rendered":"<p>Am Fest der Darstellung des Herrn (&#8222;Maria Lichtmess&#8220;) feiern wir am Freitag, 2. Februar, \u00a0in St. Johannes Untert\u00fcrkheim um 9.00 Uhr die Eucharistie zum Festtag mit Kerzensegnung und anschlie\u00dfender Spendung des Blasiussegens. Es k\u00f6nnen auch Kerzen zur Segnung mitgebracht werden. &hellip; <a href=\"https:\/\/www.sankturban.de\/?p=13787\">Weiterlesen <span class=\"meta-nav\">&rarr;<\/span><\/a><\/p>\n","protected":false},"author":33,"featured_media":0,"comment_status":"closed","ping_status":"closed","sticky":false,"template":"","format":"standard","meta":{"footnotes":""},"categories":[8],"tags":[],"class_list":["post-13787","post","type-post","status-publish","format-standard","hentry","category-startseite"],"_links":{"self":[{"href":"https:\/\/www.sankturban.de\/index.php?rest_route=\/wp\/v2\/posts\/13787","targetHints":{"allow":["GET"]}}],"collection":[{"href":"https:\/\/www.sankturban.de\/index.php?rest_route=\/wp\/v2\/posts"}],"about":[{"href":"https:\/\/www.sankturban.de\/index.php?rest_route=\/wp\/v2\/types\/post"}],"author":[{"embeddable":true,"href":"https:\/\/www.sankturban.de\/index.php?rest_route=\/wp\/v2\/users\/33"}],"replies":[{"embeddable":true,"href":"https:\/\/www.sankturban.de\/index.php?rest_route=%2Fwp%2Fv2%2Fcomments&post=13787"}],"version-history":[{"count":2,"href":"https:\/\/www.sankturban.de\/index.php?rest_route=\/wp\/v2\/posts\/13787\/revisions"}],"predecessor-version":[{"id":13791,"href":"https:\/\/www.sankturban.de\/index.php?rest_route=\/wp\/v2\/posts\/13787\/revisions\/13791"}],"wp:attachment":[{"href":"https:\/\/www.sankturban.de\/index.php?rest_route=%2Fwp%2Fv2%2Fmedia&parent=13787"}],"wp:term":[{"taxonomy":"category","embeddable":true,"href":"https:\/\/www.sankturban.de\/index.php?rest_route=%2Fwp%2Fv2%2Fcategories&post=13787"},{"taxonomy":"post_tag","embeddable":true,"href":"https:\/\/www.sankturban.de\/index.php?rest_route=%2Fwp%2Fv2%2Ftags&post=13787"}],"curies":[{"name":"wp","href":"https:\/\/api.w.org\/{rel}","templated":true}]}}