{"id":13758,"date":"2024-01-23T16:34:59","date_gmt":"2024-01-23T15:34:59","guid":{"rendered":"https:\/\/www.sankturban.de\/?p=13758"},"modified":"2024-01-23T16:35:00","modified_gmt":"2024-01-23T15:35:00","slug":"sommer-2024-ministranten-fahren-nach-rom","status":"publish","type":"post","link":"https:\/\/www.sankturban.de\/?p=13758","title":{"rendered":"Sommer 2024: Ministranten fahren nach Rom"},"content":{"rendered":"<div class=\"wp-block-image\">\n<figure class=\"alignleft size-full is-resized\"><img loading=\"lazy\" decoding=\"async\" width=\"608\" height=\"1017\" src=\"https:\/\/www.sankturban.de\/wp-content\/uploads\/2024\/01\/Rom_Wallfahrt_international.jpg\" alt=\"\" class=\"wp-image-13759\" style=\"width:172px;height:auto\" srcset=\"https:\/\/www.sankturban.de\/wp-content\/uploads\/2024\/01\/Rom_Wallfahrt_international.jpg 608w, https:\/\/www.sankturban.de\/wp-content\/uploads\/2024\/01\/Rom_Wallfahrt_international-179x300.jpg 179w\" sizes=\"auto, (max-width: 608px) 100vw, 608px\" \/><\/figure>\n<\/div>\n\n\n<p>An der Internationalen Ministrantenwallfahrt im Sommer 2024 werden auch sechs Ministranten und Ministrantinnen aus unserer Gesamtkirchengemeinde St. Urban dabei sein und sowohl am di\u00f6zesanen als auch am internationalen Programm teilnehmen. Einen H\u00f6hepunkt bildet dabei das Treffen mit Papst Franziskus auf dem Peteresplatz. Die Ministranten aus St. Urban werden zusammen mit den Minis aus der Gesamtkirchengemeinde St. Johannes XXIII. Stuttgart eine Wallfahrtsgruppe bilden und von Pfarrer Dominik Wei\u00df und Cornelia D\u00fcrgner begleitet.<\/p>\n\n\n\n<!--more-->\n\n\n\n<p>Wer die Minis aus St. Urban bei dieser besonderen Wallfahrtsreise unterst\u00fctzen will, kann uns gerne eine Spende f\u00fcr die Minis in Rom -\u00fcber die Pfarrb\u00fcros- zukommen lassen. Herzlichen Dank!<\/p>\n\n\n\n<ul class=\"wp-block-list\">\n<li><a href=\"https:\/\/www.dbk.de\/themen\/kirche-und-jugend\/internationale-ministrantenwallfahrt-2024-nach-rom\">Ministrantenwallfahrt nach Rom 2024<\/a><\/li>\n<\/ul>\n","protected":false},"excerpt":{"rendered":"<p>An der Internationalen Ministrantenwallfahrt im Sommer 2024 werden auch sechs Ministranten und Ministrantinnen aus unserer Gesamtkirchengemeinde St. Urban dabei sein und sowohl am di\u00f6zesanen als auch am internationalen Programm teilnehmen. Einen H\u00f6hepunkt bildet dabei das Treffen mit Papst Franziskus auf &hellip; <a href=\"https:\/\/www.sankturban.de\/?p=13758\">Weiterlesen <span class=\"meta-nav\">&rarr;<\/span><\/a><\/p>\n","protected":false},"author":33,"featured_media":0,"comment_status":"closed","ping_status":"closed","sticky":false,"template":"","format":"standard","meta":{"footnotes":""},"categories":[8],"tags":[],"class_list":["post-13758","post","type-post","status-publish","format-standard","hentry","category-startseite"],"_links":{"self":[{"href":"https:\/\/www.sankturban.de\/index.php?rest_route=\/wp\/v2\/posts\/13758","targetHints":{"allow":["GET"]}}],"collection":[{"href":"https:\/\/www.sankturban.de\/index.php?rest_route=\/wp\/v2\/posts"}],"about":[{"href":"https:\/\/www.sankturban.de\/index.php?rest_route=\/wp\/v2\/types\/post"}],"author":[{"embeddable":true,"href":"https:\/\/www.sankturban.de\/index.php?rest_route=\/wp\/v2\/users\/33"}],"replies":[{"embeddable":true,"href":"https:\/\/www.sankturban.de\/index.php?rest_route=%2Fwp%2Fv2%2Fcomments&post=13758"}],"version-history":[{"count":1,"href":"https:\/\/www.sankturban.de\/index.php?rest_route=\/wp\/v2\/posts\/13758\/revisions"}],"predecessor-version":[{"id":13760,"href":"https:\/\/www.sankturban.de\/index.php?rest_route=\/wp\/v2\/posts\/13758\/revisions\/13760"}],"wp:attachment":[{"href":"https:\/\/www.sankturban.de\/index.php?rest_route=%2Fwp%2Fv2%2Fmedia&parent=13758"}],"wp:term":[{"taxonomy":"category","embeddable":true,"href":"https:\/\/www.sankturban.de\/index.php?rest_route=%2Fwp%2Fv2%2Fcategories&post=13758"},{"taxonomy":"post_tag","embeddable":true,"href":"https:\/\/www.sankturban.de\/index.php?rest_route=%2Fwp%2Fv2%2Ftags&post=13758"}],"curies":[{"name":"wp","href":"https:\/\/api.w.org\/{rel}","templated":true}]}}